{"id":999,"date":"2018-09-14T00:02:53","date_gmt":"2018-09-14T00:02:53","guid":{"rendered":"https:\/\/cgttenerife.wordpress.com\/?p=999"},"modified":"2023-01-29T14:42:55","modified_gmt":"2023-01-29T14:42:55","slug":"curso-accion-sindical-para-militantes","status":"publish","type":"post","link":"https:\/\/cgttenerife.org\/?p=999","title":{"rendered":"CURSO ACCI\u00d3N SINDICAL PARA MILITANTES"},"content":{"rendered":"<div><img loading=\"lazy\" decoding=\"async\" class=\"alignnone size-full wp-image-1000\" src=\"https:\/\/cgttenerife.files.wordpress.com\/2018\/09\/84dfcb4c-9011-4eea-b866-6b13bb9d7e85.jpeg\" alt=\"84DFCB4C-9011-4EEA-B866-6B13BB9D7E85\" width=\"1587\" height=\"2245\" \/> (especialmente \u00fatil para delegadas y delegados).<\/p>\n<p><b>Objetivo<\/b>: compartir lo que se entiende por Acci\u00f3n Sindical desde la ideolog\u00eda y las herramientas propias del anarcosindicalismo. Se trata de un curso eminentemente participativo en el que a trav\u00e9s de casos pr\u00e1cticos y trabajando en grupos resolveremos situaciones que se nos pueden dar en el d\u00eda a d\u00eda del trabajo sindical.<\/p>\n<p><b>Programa del curso<\/b>:<\/p>\n<ol>\n<li>\u00bfQu\u00e9 es la Acci\u00f3n Sindical?<\/li>\n<li>Casos Pr\u00e1cticos, trabajo en grupo.<\/li>\n<li>Puesta en com\u00fan.<\/li>\n<\/ol>\n<p>El curso es el pr\u00f3ximo <b><a href=\"\/\/0\">27 de septiembre<\/a> en el local de La Cuesta<\/b>. La duraci\u00f3n del curso es de 3h, <a href=\"\/\/1\">de 10 a 13h<\/a> en horario de ma\u00f1ana y <a href=\"\/\/3\">de 16h30 a 19h30<\/a> por la tarde. Lo imparten Bea Palmes y Joan Blasco.<\/p>\n<\/div>\n<p><b>Para confirmar la asistencia llamar al <a href=\"tel:922653029\">922653029<\/a> en horario de ma\u00f1ana o mandar correo a <a href=\"mailto:cgt.tenerife.organizacion@gmail.com\">cgt.tenerife.organizacion@gmail.com<\/a><\/b><\/p>\n","protected":false},"excerpt":{"rendered":"<div class=\"mh-excerpt\"><p>(especialmente \u00fatil para delegadas y delegados). Objetivo: compartir lo que se entiende por Acci\u00f3n Sindical desde la ideolog\u00eda y las herramientas propias del anarcosindicalismo. Se <a class=\"mh-excerpt-more\" href=\"https:\/\/cgttenerife.org\/?p=999\" title=\"CURSO ACCI\u00d3N SINDICAL PARA MILITANTES\">[&#8230;]<\/a><\/p>\n<\/div>","protected":false},"author":1,"featured_media":1000,"comment_status":"closed","ping_status":"closed","sticky":false,"template":"","format":"image","meta":{"footnotes":""},"categories":[11],"tags":[],"class_list":["post-999","post","type-post","status-publish","format-image","has-post-thumbnail","hentry","category-formacion","post_format-post-format-image"],"_links":{"self":[{"href":"https:\/\/cgttenerife.org\/index.php?rest_route=\/wp\/v2\/posts\/999","targetHints":{"allow":["GET"]}}],"collection":[{"href":"https:\/\/cgttenerife.org\/index.php?rest_route=\/wp\/v2\/posts"}],"about":[{"href":"https:\/\/cgttenerife.org\/index.php?rest_route=\/wp\/v2\/types\/post"}],"author":[{"embeddable":true,"href":"https:\/\/cgttenerife.org\/index.php?rest_route=\/wp\/v2\/users\/1"}],"replies":[{"embeddable":true,"href":"https:\/\/cgttenerife.org\/index.php?rest_route=%2Fwp%2Fv2%2Fcomments&post=999"}],"version-history":[{"count":1,"href":"https:\/\/cgttenerife.org\/index.php?rest_route=\/wp\/v2\/posts\/999\/revisions"}],"predecessor-version":[{"id":2791,"href":"https:\/\/cgttenerife.org\/index.php?rest_route=\/wp\/v2\/posts\/999\/revisions\/2791"}],"wp:featuredmedia":[{"embeddable":true,"href":"https:\/\/cgttenerife.org\/index.php?rest_route=\/"}],"wp:attachment":[{"href":"https:\/\/cgttenerife.org\/index.php?rest_route=%2Fwp%2Fv2%2Fmedia&parent=999"}],"wp:term":[{"taxonomy":"category","embeddable":true,"href":"https:\/\/cgttenerife.org\/index.php?rest_route=%2Fwp%2Fv2%2Fcategories&post=999"},{"taxonomy":"post_tag","embeddable":true,"href":"https:\/\/cgttenerife.org\/index.php?rest_route=%2Fwp%2Fv2%2Ftags&post=999"}],"curies":[{"name":"wp","href":"https:\/\/api.w.org\/{rel}","templated":true}]}}