{"id":993,"date":"2018-05-09T11:10:46","date_gmt":"2018-05-09T11:10:46","guid":{"rendered":"https:\/\/cgttenerife.wordpress.com\/?p=993"},"modified":"2023-01-29T14:42:55","modified_gmt":"2023-01-29T14:42:55","slug":"cronica-del-1-de-mayo","status":"publish","type":"post","link":"https:\/\/cgttenerife.org\/?p=993","title":{"rendered":"CR\u00d3NICA DEL 1 DE MAYO"},"content":{"rendered":"<p><em><strong>Entre 150 y 200 personas de distintos colectivos y de los sindicatos CGT, CNT y co.bas marchamos por las calles de La Laguna gritando consignas contra el capital, el patriarcado, los sindicatos del estado, la precariedad laboral, la represi\u00f3n o los privilegios. Quer\u00edamos desmarcarnos de la manifestaci\u00f3n unitaria de Santa Cruz de Tenerife, de compartir el espacio con los sindicatos pactistas y vendidos a los intereses empresariales. Formamos as\u00ed un bloque cr\u00edtico y combativo con la intenci\u00f3n de estar presentes en otras luchas y de ir sumando personas, organizaciones y colectivos en el futuro. Terminamos con una comida popular y el concierto del compa\u00f1ero Luismi (Misu), tambi\u00e9n le\u00edmos el siguiente manifiesto:<\/strong><\/em><\/p>\n<h3><u>Manifiesto 1\u00ba de Mayo. Colectivos y Sindicatos.<\/u><\/h3>\n<p>\u00a1Desde Canarias, desde Tenerife, La Laguna! \u00a1Aqu\u00ed estamos todas nosotras! \u00a1Sindicatos, colectivos y personas comprometidas con la lucha contra un modelo injusto de sociedad y con un proyecto de convivencia basado en el respeto y en la solidaridad! \u00a1Somos la gente que se ha manifestado en la calle este 1\u00ba de Mayo, d\u00eda de las trabajadoras!<\/p>\n<p>Creemos que la miseria, tanto econ\u00f3mica como moral que padecemos, sobre todo en los barrios obreros y en las zonas m\u00e1s deprimidas de nuestras ciudades y pueblos, es la consecuencia directa de una conciencia de clase adormecida y de una fatiga cr\u00f3nica provocada por los intolerables niveles de explotaci\u00f3n a que nos hemos venido sometiendo durante todos estos a\u00f1os. Por ello decimos: \u00a1YA NO BASTA CON DECIR BASTA! \u00a1HAY QUE PELEAR HASTA EL FINAL! Es hora de decir las cosas como son, con el coraz\u00f3n en la mano. No podemos permitir que nos persigan y condenen de forma cada vez m\u00e1s represiva, llegando incluso a encarcelarnos por decir la verdad. Por ello, por el silencio c\u00f3mplice y por la actitud servil de los sindicatos del pacto y de los partidos sometidos a un gobierno y a unas instituciones irremisiblemente corrompidas, hemos decidido no confluir con quienes convierten un d\u00eda de lucha en un parip\u00e9.<\/p>\n<p>Estamos hartas de que nos exploten, y de ver c\u00f3mo se pacta con los explotadores y se hacen concesiones a quienes nos maltratan con m\u00e1s sa\u00f1a. Ah\u00edtas (aj\u00edtas) tambi\u00e9n de una sociedad desprovista de valores y de los conceptos morales m\u00e1s elementales y que luego se llena la boca de una moralina sexual asquerosa y represiva, especialmente hacia las mujeres y aquellas personas excluidas y desplazadas hacia los m\u00e1rgenes, por no cumplir con los c\u00e1nones establecidos por este sistema heteropatriarcal y racista, d\u00f3nde ni tan siquiera se nos permite vivir en paz. Francamente aborrecidas, compa\u00f1eras y compa\u00f1eros, de instituciones como las que dirigen Felipe Borb\u00f3n y Mariano Rajoy, cuyos manejos; directamente encauzados a la aniquilaci\u00f3n de la democracia, manejos que van desde el adoctrinamiento sistem\u00e1tico del ej\u00e9rcito y de la polic\u00eda, hasta un control cada vez m\u00e1s exhaustivo y absolutista de la judicatura, pasando por el mangoneo generalizado en esta universidad, en la otra y en la de m\u00e1s all\u00e1; constituyen un delito de alta traici\u00f3n perfectamente delimitado en la carta magna del estado espa\u00f1ol (delito del que pueden ser responsables \u00faltimos pero no \u00fanicos).<\/p>\n<p>\u00a1DIGNIDAD! Pero la dignidad no surge cuando se aparta la vista, sino mirando de frente. Queremos un mundo mejor \u00a1Consig\u00e1moslo! \u00a1Vamos a construirlo! Tom\u00e9monos tiempo, recibamos luz, leamos, investiguemos. Hagamos la revoluci\u00f3n de cada cual con cada cual. A veces cuenta m\u00e1s un peque\u00f1o detalle que una gran gesta: saludar y sonre\u00edr a un extra\u00f1o, perdonar el agravio de un vecino \u2026 Amemos, vivamos, pero no como si fu\u00e9ramos pobres de esp\u00edritu, puesto que no lo somos. Debemos darnos tiempo, pero no estar quietos; debemos seguir elaborando una causa: la nuestra; perseverar en la unidad de Canarias y no permitir que nuestra fuerza, otra vez recompuesta al fin, vuelva a diluirse en divisiones est\u00e9riles y en discusiones sin sentido. Participemos en asambleas, sindicatos, colectivos; lejos de politiqueo, simplemente en lo pol\u00edtico, ya que la vida en comunidad es pol\u00edtica.<\/p>\n<p>No podemos permitir que la explotaci\u00f3n desmesurada a la que nos est\u00e1n sometiendo acabe tambi\u00e9n con esta tierra a la que pertenecemos. La Islas Canarias no son nuestras, sino que nosotras somos de esta tierra: es nuestro deber cuidarla a capa y espada, con toda la energ\u00eda de nuestro ser. Las personas y organizaciones aqu\u00ed presentes hemos demostrado nuestro compromiso con la lucha ecologista; y por supuesto seguiremos exigiendo y presionando a las autoridades para que nuestras demandas se atiendan, ya que no es posible vivir en una tierra maltratada y envenenada, en medio de un mar-vertedero. Pero no solo se trata de las autoridades e instituciones, pues tampoco hay cambio posible si no se hace desde la base. Precisamente por este motivo ser\u00eda bueno que dej\u00e1ramos ya de tirar porquer\u00eda al suelo, y no solo en pueblos, playas y monta\u00f1as, sino tambi\u00e9n en las ciudades; y que se lo exijamos tambi\u00e9n a nuestros compatriotas y visitantes. Porque si no empezamos por lo m\u00e1s b\u00e1sico no ser\u00e1 posible recuperar el equilibrio ambiental indispensable para una convivencia sana, econ\u00f3micamente sostenible e inspirada en una \u00e9tica m\u00ednima pero consensuada.<\/p>\n<p>Ser\u00eda una pena dejar pasar la vida sin m\u00e1s, merecemos la oportunidad de vivir de verdad, con el coraz\u00f3n en la mano: sentirnos vivas, estar en la vida\u2026. No hacer nada tambi\u00e9n es una opci\u00f3n\u2026 \u00a1PERO NO ES LA NUESTRA!<\/p>\n<p>No queremos olvidar en este d\u00eda a todas las personas migrantes, tengan o no papeles, que viven y trabajan en Canarias en condiciones infrahumanas, de extrema explotaci\u00f3n y de miseria. Nos oponemos radicalmente a la prohibici\u00f3n de poder vivir y trabajar en el lugar que cada cual escoja.<\/p>\n<p>\u00a1ESTAMOS JUNTAS! \u00a1SOMOS COMBATIVAS! \u00a1QUE VIVA LA LUCHA DE LAS CLASES TRABAJADORAS! \u00a1COMPA\u00d1ERA! \u00a1COMPA\u00d1ERO! \u00a1SI NO LUCHAS NADIE ESCUCHA!<\/p>\n<p><img loading=\"lazy\" decoding=\"async\" class=\"alignnone size-full wp-image-995\" src=\"https:\/\/cgttenerife.files.wordpress.com\/2018\/05\/5060e6fa-9483-44be-b696-068ad09ff66e.jpeg\" alt=\"5060E6FA-9483-44BE-B696-068AD09FF66E\" width=\"1600\" height=\"1062\" \/><img loading=\"lazy\" decoding=\"async\" class=\"alignnone size-full wp-image-994\" src=\"https:\/\/cgttenerife.files.wordpress.com\/2018\/05\/18bb1d02-1771-42f7-9d66-c1eaf7b61663.jpeg\" alt=\"18BB1D02-1771-42F7-9D66-C1EAF7B61663\" width=\"1600\" height=\"1062\" \/><img loading=\"lazy\" decoding=\"async\" class=\"alignnone size-full wp-image-996\" src=\"https:\/\/cgttenerife.files.wordpress.com\/2018\/05\/a16a726b-36a2-4dd4-8542-0eb5d6f9dc4c.jpeg\" alt=\"A16A726B-36A2-4DD4-8542-0EB5D6F9DC4C\" width=\"1600\" height=\"1062\" \/><img loading=\"lazy\" decoding=\"async\" class=\"alignnone size-full wp-image-997\" src=\"https:\/\/cgttenerife.files.wordpress.com\/2018\/05\/e52f17f5-09f1-497a-a413-ae83c42e5ab7.jpeg\" alt=\"E52F17F5-09F1-497A-A413-AE83C42E5AB7\" width=\"1600\" height=\"1200\" \/><\/p>\n","protected":false},"excerpt":{"rendered":"<div class=\"mh-excerpt\"><p>Entre 150 y 200 personas de distintos colectivos y de los sindicatos CGT, CNT y co.bas marchamos por las calles de La Laguna gritando consignas <a class=\"mh-excerpt-more\" href=\"https:\/\/cgttenerife.org\/?p=993\" title=\"CR\u00d3NICA DEL 1 DE MAYO\">[&#8230;]<\/a><\/p>\n<\/div>","protected":false},"author":1,"featured_media":995,"comment_status":"closed","ping_status":"closed","sticky":false,"template":"","format":"gallery","meta":{"footnotes":""},"categories":[4],"tags":[],"class_list":["post-993","post","type-post","status-publish","format-gallery","has-post-thumbnail","hentry","category-actualidad","post_format-post-format-gallery"],"_links":{"self":[{"href":"https:\/\/cgttenerife.org\/index.php?rest_route=\/wp\/v2\/posts\/993","targetHints":{"allow":["GET"]}}],"collection":[{"href":"https:\/\/cgttenerife.org\/index.php?rest_route=\/wp\/v2\/posts"}],"about":[{"href":"https:\/\/cgttenerife.org\/index.php?rest_route=\/wp\/v2\/types\/post"}],"author":[{"embeddable":true,"href":"https:\/\/cgttenerife.org\/index.php?rest_route=\/wp\/v2\/users\/1"}],"replies":[{"embeddable":true,"href":"https:\/\/cgttenerife.org\/index.php?rest_route=%2Fwp%2Fv2%2Fcomments&post=993"}],"version-history":[{"count":1,"href":"https:\/\/cgttenerife.org\/index.php?rest_route=\/wp\/v2\/posts\/993\/revisions"}],"predecessor-version":[{"id":2792,"href":"https:\/\/cgttenerife.org\/index.php?rest_route=\/wp\/v2\/posts\/993\/revisions\/2792"}],"wp:featuredmedia":[{"embeddable":true,"href":"https:\/\/cgttenerife.org\/index.php?rest_route=\/"}],"wp:attachment":[{"href":"https:\/\/cgttenerife.org\/index.php?rest_route=%2Fwp%2Fv2%2Fmedia&parent=993"}],"wp:term":[{"taxonomy":"category","embeddable":true,"href":"https:\/\/cgttenerife.org\/index.php?rest_route=%2Fwp%2Fv2%2Fcategories&post=993"},{"taxonomy":"post_tag","embeddable":true,"href":"https:\/\/cgttenerife.org\/index.php?rest_route=%2Fwp%2Fv2%2Ftags&post=993"}],"curies":[{"name":"wp","href":"https:\/\/api.w.org\/{rel}","templated":true}]}}