{"id":988,"date":"2018-04-17T23:11:44","date_gmt":"2018-04-17T23:11:44","guid":{"rendered":"https:\/\/cgttenerife.wordpress.com\/?p=988"},"modified":"2023-01-29T14:42:56","modified_gmt":"2023-01-29T14:42:56","slug":"el-1o-de-mayo-la-calle-es-nuestra","status":"publish","type":"post","link":"https:\/\/cgttenerife.org\/?p=988","title":{"rendered":"EL 1\u00ba DE MAYO LA CALLE ES NUESTRA"},"content":{"rendered":"<p>Para la CGT l<strong><\/strong>a resignaci\u00f3n no es una opci\u00f3n, es hora de ocupar de nuevo las calles, es m\u00e1s necesario que nunca que la CGT est\u00e9 presente all\u00ed donde se producen situaciones de injusticia social, es necesaria una movilizaci\u00f3n permanente de la CGT contra este sistema corrupto, convocando y participando en cuantas movilizaciones sean necesarias para conseguir una sociedad autogestionaria, antipatriarcal, ecologista, no racista ni xen\u00f3foba&#8230; libertaria.<\/p>\n<p>LA ESTAFA CONTIN\u00daA<\/p>\n<p>SEGUIMOS EN LAS CALLES, <a href=\"http:\/\/cgt.org.es\/1\u00ba-de-mayo-hay-que-tomar-las-calles\" target=\"_blank\" rel=\"noopener\">HAY QUE TOMAR LAS CALLES<\/a><\/p>\n<p>Viva el 1\u00ba de Mayo<br \/>\n<\/p>\n","protected":false},"excerpt":{"rendered":"<div class=\"mh-excerpt\"><p>Para la CGT la resignaci\u00f3n no es una opci\u00f3n, es hora de ocupar de nuevo las calles, es m\u00e1s necesario que nunca que la CGT <a class=\"mh-excerpt-more\" href=\"https:\/\/cgttenerife.org\/?p=988\" title=\"EL 1\u00ba DE MAYO LA CALLE ES NUESTRA\">[&#8230;]<\/a><\/p>\n<\/div>","protected":false},"author":1,"featured_media":0,"comment_status":"closed","ping_status":"closed","sticky":false,"template":"","format":"gallery","meta":{"footnotes":""},"categories":[4],"tags":[],"class_list":["post-988","post","type-post","status-publish","format-gallery","hentry","category-actualidad","post_format-post-format-gallery"],"_links":{"self":[{"href":"https:\/\/cgttenerife.org\/index.php?rest_route=\/wp\/v2\/posts\/988","targetHints":{"allow":["GET"]}}],"collection":[{"href":"https:\/\/cgttenerife.org\/index.php?rest_route=\/wp\/v2\/posts"}],"about":[{"href":"https:\/\/cgttenerife.org\/index.php?rest_route=\/wp\/v2\/types\/post"}],"author":[{"embeddable":true,"href":"https:\/\/cgttenerife.org\/index.php?rest_route=\/wp\/v2\/users\/1"}],"replies":[{"embeddable":true,"href":"https:\/\/cgttenerife.org\/index.php?rest_route=%2Fwp%2Fv2%2Fcomments&post=988"}],"version-history":[{"count":1,"href":"https:\/\/cgttenerife.org\/index.php?rest_route=\/wp\/v2\/posts\/988\/revisions"}],"predecessor-version":[{"id":2793,"href":"https:\/\/cgttenerife.org\/index.php?rest_route=\/wp\/v2\/posts\/988\/revisions\/2793"}],"wp:attachment":[{"href":"https:\/\/cgttenerife.org\/index.php?rest_route=%2Fwp%2Fv2%2Fmedia&parent=988"}],"wp:term":[{"taxonomy":"category","embeddable":true,"href":"https:\/\/cgttenerife.org\/index.php?rest_route=%2Fwp%2Fv2%2Fcategories&post=988"},{"taxonomy":"post_tag","embeddable":true,"href":"https:\/\/cgttenerife.org\/index.php?rest_route=%2Fwp%2Fv2%2Ftags&post=988"}],"curies":[{"name":"wp","href":"https:\/\/api.w.org\/{rel}","templated":true}]}}