{"id":967,"date":"2018-03-14T17:34:56","date_gmt":"2018-03-14T17:34:56","guid":{"rendered":"https:\/\/cgttenerife.wordpress.com\/?p=967"},"modified":"2023-01-29T14:42:56","modified_gmt":"2023-01-29T14:42:56","slug":"en-defensa-de-las-pensiones-publicas-17m-plaza-weyler-1130h","status":"publish","type":"post","link":"https:\/\/cgttenerife.org\/?p=967","title":{"rendered":"EN DEFENSA DE LAS PENSIONES P\u00daBLICAS: 17M PLAZA WEYLER 11:30h"},"content":{"rendered":"<h2>EN APOYO A LA CONVOCATORIA DE MANIFESTACI\u00d3N DE LA PLATAFORMA EN DEFENSA DE LAS PENSIONES P\u00daBLICAS PARA ESTE S\u00c1BADO 17 DE MARZO<\/h2>\n<p>Este s\u00e1bado tenemos una nueva convocatoria en la calle, esta vez son las y los pensionistas quienes llaman a la movilizaci\u00f3n de la sociedad por unas pensiones p\u00fablicas y dignas. Ante las pol\u00edticas que quieren terminar con las pensiones p\u00fablicas en beneficio de los fondos privados de pensiones, las plataformas de pensionistas llevan a\u00f1os movilizadas. Estos \u00faltimos meses ha empeorado la situaci\u00f3n con la noticia que el gobierno del PP en 5 a\u00f1os ha vaciado la hucha de las pensiones (m\u00e1s de 60.000 millones de euros), de los continuos mensajes de alarma sobre la pretendida inviabilidad del sistema p\u00fablico de pensiones y la indiferencia del gobierno ante la situaci\u00f3n de millones de pensionistas pobres.<\/p>\n<p>Millones de personas que han dado muchos a\u00f1os para producir riqueza para otros y ahora se ven en la miseria, como quienes han sostenido y sostienen la vida, en su mayor\u00eda mujeres, mediante el trabajo invisible y sin remuneraci\u00f3n de los cuidados. Porque la brecha salarial se traduce adem\u00e1s en brecha de pensiones y las que han trabajado solo en casa solo acceden a la \u201cno-contributiva\u201d, a\u00fan m\u00e1s misera si cabe, como si no hubieran contribuido a generar riqueza en su territorio. Todas nos merecemos una vejez digna sostenida por pensiones decentes que cubran todas nuestras necesidades b\u00e1sicas.<\/p>\n<p>Una vez m\u00e1s estamos frente a un problema de reparto de la riqueza, intentan enga\u00f1arnos cuando nos dicen que no hay dinero para las pensiones, algunas personas, muy pocas, acceden a pensiones millonarias, mientras las mayor\u00eda tiene pensiones indignas. Cuando la riqueza que producimos entre todas est\u00e1 en manos de unas pocas se trata de un problema de injusticia social y de un gobierno que se rinde a los intereses del capital olvid\u00e1ndose de nosotras, las personas.<\/p>\n<p>Por eso salimos a la calle a reivindicar el reparto de la riqueza, que no se nos insulte con la vergonzosa subida del 0,25% en la pensi\u00f3n mientras el precio de la vida se multiplica por m\u00e1s del doble. Salimos a la calle para gritar por un futuro digno, unas pensiones que permitan una vida digna y un sistema justo que las garantice.<\/p>\n<p>Y porque todas tenemos derecho a una vida digna, nosotras salimos tambi\u00e9n a exigir una Renta B\u00e1sica de las Iguales que acabe de ra\u00edz con los repartos injustos y las caridades del sistema. El reparto de la riqueza que generamos entre todas es un derecho, frente a las pol\u00edticas de reparto de la pobreza que provocan sueldos de miseria, prestaciones de miseria y pensiones de miseria. Porque si hay reparto justo de la riqueza una econom\u00eda centrada en mantener una vida digna para todas las personas es perfectamente viable.<\/p>\n<p>Este s\u00e1bado estaremos tomando tambi\u00e9n la calle en apoyo a los y las pensionistas, porque la lucha de hoy son los derechos de ma\u00f1ana.<\/p>\n<p>SI EL PRESENTE ES DE LUCHA EL FUTURO ES NUESTRO.<br \/>\nPOR UNA VIDA DIGNA, REPARTO DE LA RIQUEZA.<br \/>\nNOS VEMOS A LAS 11H30 EN LA PLAZA WEYLER.<\/p>\n<p>Mi\u00e9rcoles 14 de Marzo de 2018<\/p>\n<p>Asamblea Canaria por el Reparto de la Riqueza<br \/>\nEspacio Sociocultural y Autogestionado La Casa<br \/>\nOrganizaci\u00f3n Juvenil Azarug<br \/>\nConfederaci\u00f3n General del Trabajo, CGT<br \/>\nAsamblea de Corujas en La Casa. Asamblea feminista Norte de Tenerife.<\/p>\n","protected":false},"excerpt":{"rendered":"<div class=\"mh-excerpt\"><p>EN APOYO A LA CONVOCATORIA DE MANIFESTACI\u00d3N DE LA PLATAFORMA EN DEFENSA DE LAS PENSIONES P\u00daBLICAS PARA ESTE S\u00c1BADO 17 DE MARZO Este s\u00e1bado tenemos <a class=\"mh-excerpt-more\" href=\"https:\/\/cgttenerife.org\/?p=967\" title=\"EN DEFENSA DE LAS PENSIONES P\u00daBLICAS: 17M PLAZA WEYLER 11:30h\">[&#8230;]<\/a><\/p>\n<\/div>","protected":false},"author":1,"featured_media":969,"comment_status":"closed","ping_status":"closed","sticky":false,"template":"","format":"gallery","meta":{"footnotes":""},"categories":[4,6],"tags":[],"class_list":["post-967","post","type-post","status-publish","format-gallery","has-post-thumbnail","hentry","category-actualidad","category-comunicados","post_format-post-format-gallery"],"_links":{"self":[{"href":"https:\/\/cgttenerife.org\/index.php?rest_route=\/wp\/v2\/posts\/967","targetHints":{"allow":["GET"]}}],"collection":[{"href":"https:\/\/cgttenerife.org\/index.php?rest_route=\/wp\/v2\/posts"}],"about":[{"href":"https:\/\/cgttenerife.org\/index.php?rest_route=\/wp\/v2\/types\/post"}],"author":[{"embeddable":true,"href":"https:\/\/cgttenerife.org\/index.php?rest_route=\/wp\/v2\/users\/1"}],"replies":[{"embeddable":true,"href":"https:\/\/cgttenerife.org\/index.php?rest_route=%2Fwp%2Fv2%2Fcomments&post=967"}],"version-history":[{"count":1,"href":"https:\/\/cgttenerife.org\/index.php?rest_route=\/wp\/v2\/posts\/967\/revisions"}],"predecessor-version":[{"id":2796,"href":"https:\/\/cgttenerife.org\/index.php?rest_route=\/wp\/v2\/posts\/967\/revisions\/2796"}],"wp:featuredmedia":[{"embeddable":true,"href":"https:\/\/cgttenerife.org\/index.php?rest_route=\/"}],"wp:attachment":[{"href":"https:\/\/cgttenerife.org\/index.php?rest_route=%2Fwp%2Fv2%2Fmedia&parent=967"}],"wp:term":[{"taxonomy":"category","embeddable":true,"href":"https:\/\/cgttenerife.org\/index.php?rest_route=%2Fwp%2Fv2%2Fcategories&post=967"},{"taxonomy":"post_tag","embeddable":true,"href":"https:\/\/cgttenerife.org\/index.php?rest_route=%2Fwp%2Fv2%2Ftags&post=967"}],"curies":[{"name":"wp","href":"https:\/\/api.w.org\/{rel}","templated":true}]}}