{"id":949,"date":"2018-03-01T12:06:54","date_gmt":"2018-03-01T12:06:54","guid":{"rendered":"https:\/\/cgttenerife.wordpress.com\/?p=949"},"modified":"2023-01-29T14:42:56","modified_gmt":"2023-01-29T14:42:56","slug":"renta-basica-de-las-iguales-ya","status":"publish","type":"post","link":"https:\/\/cgttenerife.org\/?p=949","title":{"rendered":"\u00a1Renta B\u00e1sica de las Iguales ya!"},"content":{"rendered":"<h2 style=\"font-weight:400;\"><strong>Por unos presupuestos para las personas:<\/strong><\/h2>\n<h2 style=\"font-weight:400;\"><strong>\u00a1Renta B\u00e1sica de las Iguales ya!<\/strong><\/h2>\n<p style=\"font-weight:400;\">\u00abExigimos que en los presupuestos del Gobierno de Canarias del 2019 se ponga en marcha la primera fase de la Renta B\u00e1sica de las Iguales que sacar\u00eda de la exclusi\u00f3n a las personas que la padecen m\u00e1s duramente\u00bb.<\/p>\n<p>Canarias 28 de febrero de 2018. La Asamblea Canaria por el Reparto de La Riqueza (ACRR), la Confederaci\u00f3n General del Trabajo (CGT) y la Organizaci\u00f3n Juvenil Azarug, comienza con una campa\u00f1a que se desarrollar\u00e1 a lo largo de los pr\u00f3ximos meses para exigir el reparto justo de la riqueza en Canarias y la puesta en marcha de diferentes iniciativas para su viabilidad.<\/p>\n<p><strong>Canarias l\u00edderes en Turismo y en Pobreza:<\/strong><\/p>\n<p>Canarias cerr\u00f3 el 2017 como el mejor a\u00f1o tur\u00edstico de su historia con 16 millones de turistas, mientras aumentamos el n\u00famero de personas que sufren pobreza y\/o exclusi\u00f3n social en las islas: 937.458 personas , 215.000 m\u00e1s que en el 2008. Siendo la sexta regi\u00f3n de la llamada \u00abComunidad econ\u00f3mica europea\u00bb con m\u00e1s personas que sufren pobreza y exclusi\u00f3n: un 44,6% de la poblaci\u00f3n, es decir, casi la mitad de las que aqu\u00ed vivimos. Exigimos que el dinero generado en las islas se quede en el Archipi\u00e9lago y sea repartido justamente.<\/p>\n<p>A pesar de los r\u00e9cords que bate el turismo en Canarias, el incremento de los ingresos por turismo no se refleja en la mejora de la calidad de vida en nuestras islas, en un mejor reparto de la riqueza ni en la disminuci\u00f3n de la pobreza. En casi tres a\u00f1os de mandato, el Gobierno de Canarias no ha logrado cambiar la tendencia de los indicadores de pobreza, el ejecutivo canario pretende con s\u00f3lo 15 millones para el 2018 dedicados al \u2018plan contra la pobreza\u2019 (a\u00fan no concretado) y 54 millones para la PCI, afrontar un problema que afecta a casi la mitad de la poblaci\u00f3n.<\/p>\n<p>La industria tur\u00edstica sigue acumulando beneficios multimillonarios que en un alto porcentaje no llegan a Canarias, donde se generan. El negocio del Turismo ha crecido sobre una econom\u00eda colonial y en unas tierras propiedad mayoritariamente de unas pocas familias. Un imperio lucrativo que se aprovecha de la especulaci\u00f3n urban\u00edstica, una fiscalidad reducida, el crecimiento de la construcci\u00f3n, el apoyo institucional y un mercado laboral propio de una econom\u00eda empobrecida con bajos salarios y una reserva de mano de obra para los empleos en precario y de explotaci\u00f3n (m\u00e1s de 240 mil personas en la cola del paro).<\/p>\n<p>La precarizaci\u00f3n en el sector tur\u00edstico afecta a la mayor\u00eda de los m\u00e1s de 300 mil puestos de trabajo que dependen del turismo, empleos ocupados en gran medida por los sectores sociales que ocupan los lugares m\u00e1s bajos en el mercado laboral, como mujeres e inmigrantes pobres. La externalizaci\u00f3n y subcontrataci\u00f3n est\u00e1n a la orden del d\u00eda, as\u00ed como una alta tasa de temporalidad y una escasa oposici\u00f3n sindical.<\/p>\n<p>Paralelamente se ha creado una ficci\u00f3n en torno a las virtudes del turismo, ocultando sus efectos sociales y ambientales negativos. La zanahoria del desarrollo tur\u00edstico en las islas no ha impedido la degradaci\u00f3n del territorio, el encarecimiento de la vivienda fruto de la especulaci\u00f3n, la precarizaci\u00f3n del empleo tur\u00edstico, la acumulaci\u00f3n de la riqueza en unas pocas manos (seg\u00fan la Agencia Tributaria, cerca de 6000 personas en Canarias poseen un patrimonio equivalente a la mitad del PIB de las islas) o \u00a0la fuerte dependencia de la econom\u00eda canaria respecto al sector tur\u00edstico en detrimento del sector productivo.<\/p>\n<p>Lleg\u00f3 el momento de pasar a la acci\u00f3n, de negociar un convenio que dignifique el empleo en el sector tur\u00edstico, de controlar los abusos empresariales en materia de derechos laborales, de establecer una mayor presi\u00f3n fiscal sobre los grandes grupos hoteleros, agencias de viajes mayoristas y grandes fortunas de las islas, etc. Hablamos de medidas que revertir\u00edan directamente en el reparto de la riqueza, la mejora del nivel de vida para decenas de miles de familias que viven del turismo y el aumento de los ingresos en las arcas p\u00fablicas que posibilitar\u00edan la aplicaci\u00f3n progresiva de una Renta B\u00e1sica de las Iguales (Individual, incondicional y universal) \u00a0para todos las personas sin ingresos y dotarla presupuestariamente.<\/p>\n<p style=\"font-weight:400;\">\u00a0Se trata de soluciones que \u00fanicamente dependen de voluntad pol\u00edtica y que afectan directamente a quienes vivimos en una situaci\u00f3n de total precariedad y pobreza.<\/p>\n<p style=\"font-weight:400;\">Tel\u00e9fonos de contacto:<\/p>\n<p style=\"font-weight:400;\">699043124 Jose Miguel Mart\u00edn<\/p>\n<p style=\"font-weight:400;\">619901676 Joan Blasco<\/p>\n<p style=\"font-weight:400;\"><a href=\"mailto:asambleacanaria.acrr@gmail.com\">asambleacanaria.acrr@gmail.com<\/a><\/p>\n","protected":false},"excerpt":{"rendered":"<div class=\"mh-excerpt\"><p>Por unos presupuestos para las personas: \u00a1Renta B\u00e1sica de las Iguales ya! \u00abExigimos que en los presupuestos del Gobierno de Canarias del 2019 se ponga <a class=\"mh-excerpt-more\" href=\"https:\/\/cgttenerife.org\/?p=949\" title=\"\u00a1Renta B\u00e1sica de las Iguales ya!\">[&#8230;]<\/a><\/p>\n<\/div>","protected":false},"author":1,"featured_media":0,"comment_status":"closed","ping_status":"closed","sticky":false,"template":"","format":"gallery","meta":{"footnotes":""},"categories":[4,6],"tags":[],"class_list":["post-949","post","type-post","status-publish","format-gallery","hentry","category-actualidad","category-comunicados","post_format-post-format-gallery"],"_links":{"self":[{"href":"https:\/\/cgttenerife.org\/index.php?rest_route=\/wp\/v2\/posts\/949","targetHints":{"allow":["GET"]}}],"collection":[{"href":"https:\/\/cgttenerife.org\/index.php?rest_route=\/wp\/v2\/posts"}],"about":[{"href":"https:\/\/cgttenerife.org\/index.php?rest_route=\/wp\/v2\/types\/post"}],"author":[{"embeddable":true,"href":"https:\/\/cgttenerife.org\/index.php?rest_route=\/wp\/v2\/users\/1"}],"replies":[{"embeddable":true,"href":"https:\/\/cgttenerife.org\/index.php?rest_route=%2Fwp%2Fv2%2Fcomments&post=949"}],"version-history":[{"count":1,"href":"https:\/\/cgttenerife.org\/index.php?rest_route=\/wp\/v2\/posts\/949\/revisions"}],"predecessor-version":[{"id":2798,"href":"https:\/\/cgttenerife.org\/index.php?rest_route=\/wp\/v2\/posts\/949\/revisions\/2798"}],"wp:attachment":[{"href":"https:\/\/cgttenerife.org\/index.php?rest_route=%2Fwp%2Fv2%2Fmedia&parent=949"}],"wp:term":[{"taxonomy":"category","embeddable":true,"href":"https:\/\/cgttenerife.org\/index.php?rest_route=%2Fwp%2Fv2%2Fcategories&post=949"},{"taxonomy":"post_tag","embeddable":true,"href":"https:\/\/cgttenerife.org\/index.php?rest_route=%2Fwp%2Fv2%2Ftags&post=949"}],"curies":[{"name":"wp","href":"https:\/\/api.w.org\/{rel}","templated":true}]}}