{"id":939,"date":"2017-03-28T10:01:35","date_gmt":"2017-03-28T10:01:35","guid":{"rendered":"https:\/\/cgttenerife.wordpress.com\/?p=939"},"modified":"2023-01-29T14:42:57","modified_gmt":"2023-01-29T14:42:57","slug":"cgt-desaprueba-la-legalizacion-del-esquirolaje-externo-y-llama-a-desobedecer-las-leyes-que-vulneran-derechos-fundamentales","status":"publish","type":"post","link":"https:\/\/cgttenerife.org\/?p=939","title":{"rendered":"CGT desaprueba la legalizaci\u00f3n del esquirolaje externo y llama a desobedecer las leyes que vulneran derechos fundamentales"},"content":{"rendered":"<div class=\"teaser\">\n<p style=\"text-align:justify;\">CGT anuncia que interpondr\u00e1 un recurso de amparo ante el Tribunal Constitucional contra la absoluta impunidad empresarial en las relaciones laborales<\/p>\n<\/div>\n<div class=\"author\" style=\"text-align:justify;\">\n<p>GABINETE DE PRENSA DEL COMIT\u00c9 CONFEDERAL DE LA CGT<\/p>\n<\/div>\n<div class=\"content\">\n<div class=\"field-field-image\" style=\"text-align:justify;\"><img loading=\"lazy\" decoding=\"async\" class=\"imagecache imagecache-panel-200\" title=\"\" src=\"http:\/\/cgt.org.es\/sites\/default\/files\/imagecache\/panel-200\/Cartel%20Huelgas_1.jpg\" alt=\"\" width=\"200\" height=\"142\" \/><\/div>\n<p style=\"text-align:justify;\">La Confederaci\u00f3n General del Trabajo ha mostrado, a trav\u00e9s de un comunicado del Secretariado Permanente, su rechazo a la sentencia del Tribunal Supremo sobre el vaciamiento del derecho fundamental de Huelga y la \u201clegalizaci\u00f3n\u201d del esquirolaje externo.<\/p>\n<p style=\"text-align:justify;\">En dicho comunicado la CGT considera que esta sentencia es un \u201caut\u00e9ntico desprop\u00f3sito\u201d adem\u00e1s de ser un acto contrario a la legalidad vigente, al Estado de Derecho y a la doctrina del Tribunal Constitucional.<\/p>\n<p style=\"text-align:justify;\">CGT explica que actualmente nos encontramos con un marco de relaciones laborales enfermo de neoliberalismo, inseguro para la clase trabajadora porque ha disuelto el car\u00e1cter colectivo del conflicto, individualizando las relaciones laborales y alcanzando la homogenizaci\u00f3n a la baja de las condiciones del trabajo.<\/p>\n<p style=\"text-align:justify;\">Ante esta situaci\u00f3n, cuando la clase trabajadora decide organizarse y luchar por sus derechos laborales y ejercer la defensa de los mismos a trav\u00e9s de herramientas legales, el Tribunal Supremo la frena legalizando el esquirolaje a trav\u00e9s de la subcontrataci\u00f3n.<\/p>\n<p style=\"text-align:justify;\">CGT considera que esta decisi\u00f3n hace que el uso de una herramienta de lucha b\u00e1sica de las trabajadoras y trabajadores, como es el derecho fundamental a la huelga, pierda efectividad. Por ello, adem\u00e1s de interponer un recurso de amparo ante el Tribunal Constitucional, la CGT llama abiertamente a desobedecer aquellas leyes y sentencias que vulneran los derechos fundamentales, recordando que la movilizaci\u00f3n es la \u00fanica soluci\u00f3n<\/p>\n<\/div>\n","protected":false},"excerpt":{"rendered":"<div class=\"mh-excerpt\"><p>CGT anuncia que interpondr\u00e1 un recurso de amparo ante el Tribunal Constitucional contra la absoluta impunidad empresarial en las relaciones laborales GABINETE DE PRENSA DEL <a class=\"mh-excerpt-more\" href=\"https:\/\/cgttenerife.org\/?p=939\" title=\"CGT desaprueba la legalizaci\u00f3n del esquirolaje externo y llama a desobedecer las leyes que vulneran derechos fundamentales\">[&#8230;]<\/a><\/p>\n<\/div>","protected":false},"author":1,"featured_media":0,"comment_status":"closed","ping_status":"closed","sticky":false,"template":"","format":"gallery","meta":{"footnotes":""},"categories":[4,6],"tags":[],"class_list":["post-939","post","type-post","status-publish","format-gallery","hentry","category-actualidad","category-comunicados","post_format-post-format-gallery"],"_links":{"self":[{"href":"https:\/\/cgttenerife.org\/index.php?rest_route=\/wp\/v2\/posts\/939","targetHints":{"allow":["GET"]}}],"collection":[{"href":"https:\/\/cgttenerife.org\/index.php?rest_route=\/wp\/v2\/posts"}],"about":[{"href":"https:\/\/cgttenerife.org\/index.php?rest_route=\/wp\/v2\/types\/post"}],"author":[{"embeddable":true,"href":"https:\/\/cgttenerife.org\/index.php?rest_route=\/wp\/v2\/users\/1"}],"replies":[{"embeddable":true,"href":"https:\/\/cgttenerife.org\/index.php?rest_route=%2Fwp%2Fv2%2Fcomments&post=939"}],"version-history":[{"count":1,"href":"https:\/\/cgttenerife.org\/index.php?rest_route=\/wp\/v2\/posts\/939\/revisions"}],"predecessor-version":[{"id":2801,"href":"https:\/\/cgttenerife.org\/index.php?rest_route=\/wp\/v2\/posts\/939\/revisions\/2801"}],"wp:attachment":[{"href":"https:\/\/cgttenerife.org\/index.php?rest_route=%2Fwp%2Fv2%2Fmedia&parent=939"}],"wp:term":[{"taxonomy":"category","embeddable":true,"href":"https:\/\/cgttenerife.org\/index.php?rest_route=%2Fwp%2Fv2%2Fcategories&post=939"},{"taxonomy":"post_tag","embeddable":true,"href":"https:\/\/cgttenerife.org\/index.php?rest_route=%2Fwp%2Fv2%2Ftags&post=939"}],"curies":[{"name":"wp","href":"https:\/\/api.w.org\/{rel}","templated":true}]}}