{"id":936,"date":"2017-03-28T09:52:21","date_gmt":"2017-03-28T09:52:21","guid":{"rendered":"https:\/\/cgttenerife.wordpress.com\/?p=936"},"modified":"2023-01-29T14:42:57","modified_gmt":"2023-01-29T14:42:57","slug":"cgt-exige-a-los-medios-de-comunicacion-que-no-generalicen-cuando-hablen-de-sindicatos","status":"publish","type":"post","link":"https:\/\/cgttenerife.org\/?p=936","title":{"rendered":"CGT exige a los medios de comunicaci\u00f3n que no generalicen cuando hablen de \u201csindicatos\u201d"},"content":{"rendered":"<div class=\"teaser\">\n<p style=\"text-align:justify;\">La CGT pide que no se manche la labor que miles de sindicalistas hacen cada d\u00eda de manera encomiable en sus lugares de trabajo y en defensa de los derechos laborales de todas y todos.<\/p>\n<\/div>\n<div class=\"author\" style=\"text-align:justify;\">\n<p>GABINETE DE PRENSA DEL COMIT\u00c9 CONFEDERAL DE LA CGT<\/p>\n<\/div>\n<div class=\"content\">\n<div class=\"field-field-image\" style=\"text-align:justify;\"><img loading=\"lazy\" decoding=\"async\" class=\"imagecache imagecache-panel-200\" title=\"\" src=\"http:\/\/cgt.org.es\/sites\/default\/files\/imagecache\/panel-200\/sin.jpg\" alt=\"\" width=\"200\" height=\"139\" \/><\/div>\n<p style=\"text-align:justify;\">En las \u00faltimas semanas se han publicado por parte de algunos medios de comunicaci\u00f3n art\u00edculos en los que se hace alusi\u00f3n a los \u201cposibles conflictos\u201d de intereses que se producen en la gesti\u00f3n de los Fondos de Pensiones de Empleo, al coexistir habitualmente la empresa promotora y los sindicatos como socios en las Gestoras y, adem\u00e1s, ambos est\u00e1n tambi\u00e9n presentes en las Comisiones de Control de estos productos.<\/p>\n<p style=\"text-align:justify;\">Desde la Confederaci\u00f3n General del Trabajo ponemos a disposici\u00f3n de vuestro medio de comunicaci\u00f3n la consulta realizada por la Secci\u00f3n Sindical de BBVA a la Direcci\u00f3n General de Seguros, en la que este organismo constata que la situaci\u00f3n descrita anteriormente es totalmente legal y lo argumenta indicando que los miembros de la Comisi\u00f3n de Control son personas individuales (aunque hayan sido elegidas por Secciones Sindicales) y los Sindicatos son personas jur\u00eddicas.<\/p>\n<p style=\"text-align:justify;\">A pesar de que estas pr\u00e1cticas son legales, como hemos explicado, \u00e9ticamente las consideramos reprobables y aprovechamos nuevamente la ocasi\u00f3n para reiterar a los medios de comunicaci\u00f3n que a la hora de mencionar a los sindicatos los distingan y mencionen sus siglas puesto que no todas las organizaciones funcionamos del mismo modo. La CGT est\u00e1 en contra de ser \u00abjuez y parte\u00bb Lo decimos y lo practicamos en las empresas en las que nuestra representatividad nos da acceso a las Comisiones de Control, pero, en ning\u00fan caso formamos parte del capital de la Empresa que gestiona el Fondo de Pensiones de empleo.<\/p>\n<\/div>\n","protected":false},"excerpt":{"rendered":"<div class=\"mh-excerpt\"><p>La CGT pide que no se manche la labor que miles de sindicalistas hacen cada d\u00eda de manera encomiable en sus lugares de trabajo y <a class=\"mh-excerpt-more\" href=\"https:\/\/cgttenerife.org\/?p=936\" title=\"CGT exige a los medios de comunicaci\u00f3n que no generalicen cuando hablen de \u201csindicatos\u201d\">[&#8230;]<\/a><\/p>\n<\/div>","protected":false},"author":1,"featured_media":0,"comment_status":"closed","ping_status":"closed","sticky":false,"template":"","format":"gallery","meta":{"footnotes":""},"categories":[4,6],"tags":[],"class_list":["post-936","post","type-post","status-publish","format-gallery","hentry","category-actualidad","category-comunicados","post_format-post-format-gallery"],"_links":{"self":[{"href":"https:\/\/cgttenerife.org\/index.php?rest_route=\/wp\/v2\/posts\/936","targetHints":{"allow":["GET"]}}],"collection":[{"href":"https:\/\/cgttenerife.org\/index.php?rest_route=\/wp\/v2\/posts"}],"about":[{"href":"https:\/\/cgttenerife.org\/index.php?rest_route=\/wp\/v2\/types\/post"}],"author":[{"embeddable":true,"href":"https:\/\/cgttenerife.org\/index.php?rest_route=\/wp\/v2\/users\/1"}],"replies":[{"embeddable":true,"href":"https:\/\/cgttenerife.org\/index.php?rest_route=%2Fwp%2Fv2%2Fcomments&post=936"}],"version-history":[{"count":1,"href":"https:\/\/cgttenerife.org\/index.php?rest_route=\/wp\/v2\/posts\/936\/revisions"}],"predecessor-version":[{"id":2802,"href":"https:\/\/cgttenerife.org\/index.php?rest_route=\/wp\/v2\/posts\/936\/revisions\/2802"}],"wp:attachment":[{"href":"https:\/\/cgttenerife.org\/index.php?rest_route=%2Fwp%2Fv2%2Fmedia&parent=936"}],"wp:term":[{"taxonomy":"category","embeddable":true,"href":"https:\/\/cgttenerife.org\/index.php?rest_route=%2Fwp%2Fv2%2Fcategories&post=936"},{"taxonomy":"post_tag","embeddable":true,"href":"https:\/\/cgttenerife.org\/index.php?rest_route=%2Fwp%2Fv2%2Ftags&post=936"}],"curies":[{"name":"wp","href":"https:\/\/api.w.org\/{rel}","templated":true}]}}