{"id":934,"date":"2017-03-28T09:00:12","date_gmt":"2017-03-28T09:00:12","guid":{"rendered":"https:\/\/cgttenerife.wordpress.com\/?p=934"},"modified":"2023-01-29T14:42:57","modified_gmt":"2023-01-29T14:42:57","slug":"la-cgt-apoya-y-respalda-las-movilizaciones-del-personal-de-limpiezas-victoria","status":"publish","type":"post","link":"https:\/\/cgttenerife.org\/?p=934","title":{"rendered":"La CGT apoya y respalda las movilizaciones del personal de Limpiezas Victoria"},"content":{"rendered":"<p lang=\"es-ES\" align=\"JUSTIFY\"><strong><i>La plantilla acumula ya m\u00e1s de 4 meses sin cobrar<\/i><\/strong><\/p>\n<p style=\"text-align:justify;\"><b>Santa Cruz de Tenerife, 21 de Marzo de 2017.<\/b> Hace m\u00e1s de 4 meses que unas 300 personas, la mayor\u00eda mujeres, empleadas por Limpiezas Victoria no cobran su n\u00f3mina a pesar de que siguen limpiando a diario las instalaciones del Cabildo Insular de Tenerife o red de Museos, entre otras instalaciones p\u00fablicas. Desde la defunci\u00f3n de la propietaria en el mes de diciembre, nada se ha resuelto para \u00e9ste colectivo a pesar de la alarmante situaci\u00f3n de muchas familias afectadas por la dejaci\u00f3n de responsabilidades como empresario principal del Cabildo de Tenerife o del Gobierno de Canarias.<\/p>\n<p style=\"text-align:justify;\">Cuatro largos meses de promesas y presiones a la plantilla de limpieza para que \u201cse callen y sigan limpiando\u201d. Que el Gobierno del Cabildo en todo \u00e9ste tiempo no haya sido capaz de buscar una soluci\u00f3n m\u00e1s all\u00e1 de resolver el contrato con la empresa, sin destinar una partida extraordinaria para paliar la situaci\u00f3n de personas que trabajan sin cobrar, no nos extra\u00f1a, ya que hay otros estipendios que les reportan m\u00e1s r\u00e9ditos pol\u00edticos.<\/p>\n<p style=\"text-align:justify;\">Lo que resulta inexplicable, es que el sindicato CCOO que ostenta la representaci\u00f3n en Limpiezas Victoria se haya limitado a demandar la situaci\u00f3n creada por la ausencia de empresario en el juzgado mercantil, sin poner una demanda por las cantidades que se adeudan a la plantilla, para forzar a la empresa principal a abonar las n\u00f3minas atrasadas. Tampoco se entiende que se haya exclu\u00eddo de las negociaciones que presuntamente se han mantenido con la Corporaci\u00f3n, a quienes trabajan sin cobrar desde hace cuatro meses, o que se hayan acallado sistem\u00e1ticamente a las personas que estaban dispuestas a movilizarse para lograr la atenci\u00f3n de los medios.<\/p>\n<p style=\"text-align:justify;\">Mientras, las instalaciones del Cabildo lucen impolutas gracias a la buena voluntad de una plantilla maltratada y maniatada, no as\u00ed las conciencias de los responsables pol\u00edticos y sindicales que, una vez m\u00e1s, dejan a las personas m\u00e1s desfavorecidas en la estacada.<\/p>\n","protected":false},"excerpt":{"rendered":"<div class=\"mh-excerpt\"><p>La plantilla acumula ya m\u00e1s de 4 meses sin cobrar Santa Cruz de Tenerife, 21 de Marzo de 2017. Hace m\u00e1s de 4 meses que <a class=\"mh-excerpt-more\" href=\"https:\/\/cgttenerife.org\/?p=934\" title=\"La CGT apoya y respalda las movilizaciones del personal de Limpiezas Victoria\">[&#8230;]<\/a><\/p>\n<\/div>","protected":false},"author":1,"featured_media":0,"comment_status":"closed","ping_status":"closed","sticky":false,"template":"","format":"gallery","meta":{"footnotes":""},"categories":[4,6],"tags":[],"class_list":["post-934","post","type-post","status-publish","format-gallery","hentry","category-actualidad","category-comunicados","post_format-post-format-gallery"],"_links":{"self":[{"href":"https:\/\/cgttenerife.org\/index.php?rest_route=\/wp\/v2\/posts\/934","targetHints":{"allow":["GET"]}}],"collection":[{"href":"https:\/\/cgttenerife.org\/index.php?rest_route=\/wp\/v2\/posts"}],"about":[{"href":"https:\/\/cgttenerife.org\/index.php?rest_route=\/wp\/v2\/types\/post"}],"author":[{"embeddable":true,"href":"https:\/\/cgttenerife.org\/index.php?rest_route=\/wp\/v2\/users\/1"}],"replies":[{"embeddable":true,"href":"https:\/\/cgttenerife.org\/index.php?rest_route=%2Fwp%2Fv2%2Fcomments&post=934"}],"version-history":[{"count":1,"href":"https:\/\/cgttenerife.org\/index.php?rest_route=\/wp\/v2\/posts\/934\/revisions"}],"predecessor-version":[{"id":2803,"href":"https:\/\/cgttenerife.org\/index.php?rest_route=\/wp\/v2\/posts\/934\/revisions\/2803"}],"wp:attachment":[{"href":"https:\/\/cgttenerife.org\/index.php?rest_route=%2Fwp%2Fv2%2Fmedia&parent=934"}],"wp:term":[{"taxonomy":"category","embeddable":true,"href":"https:\/\/cgttenerife.org\/index.php?rest_route=%2Fwp%2Fv2%2Fcategories&post=934"},{"taxonomy":"post_tag","embeddable":true,"href":"https:\/\/cgttenerife.org\/index.php?rest_route=%2Fwp%2Fv2%2Ftags&post=934"}],"curies":[{"name":"wp","href":"https:\/\/api.w.org\/{rel}","templated":true}]}}