{"id":932,"date":"2017-03-14T10:31:26","date_gmt":"2017-03-14T10:31:26","guid":{"rendered":"https:\/\/cgttenerife.wordpress.com\/?p=932"},"modified":"2023-01-29T14:42:57","modified_gmt":"2023-01-29T14:42:57","slug":"cientos-de-miles-de-mujeres-salen-a-las-calles-de-todo-el-estado-pidiendo-igualdad-y-el-fin-de-las-violencias-machistas","status":"publish","type":"post","link":"https:\/\/cgttenerife.org\/?p=932","title":{"rendered":"Cientos de miles de mujeres salen a las calles de todo el Estado pidiendo igualdad y el fin de las Violencias Machistas"},"content":{"rendered":"<div class=\"teaser\">\n<p>Cientos de miles de mujeres gritan unidas contra el patriarcado y exigen el fin del terrorismo machista en un d\u00eda de lucha y participaci\u00f3n hist\u00f3rico, en el que estuvieron muy presentes todas aquellas que ya no podr\u00e1n hacerlo.<\/p>\n<\/div>\n<div class=\"author\">\n<p>GABINETE DE PRENSA DEL COMIT\u00c9 CONFEDERAL DE LA CGT<\/p>\n<\/div>\n<div class=\"content\">\n<div class=\"field-field-image\"><img loading=\"lazy\" decoding=\"async\" class=\"imagecache imagecache-panel-200\" title=\"\" src=\"http:\/\/cgt.org.es\/sites\/default\/files\/imagecache\/panel-200\/file-4.jpg\" alt=\"\" width=\"200\" height=\"150\" \/><\/div>\n<p>Multitudinarias manifestaciones las celebradas en la tarde de ayer en numerosas ciudades del Estado espa\u00f1ol por el D\u00eda Internacional de la Mujer Trabajadora. Miles de personas se dieron cita para marchar en actos contra el patriarcado, el machismo, la desigualdad y los feminicidios.<\/p>\n<p>Las mujeres reivindicaron sus derechos, exigiendo ser tenidas en cuenta y anunciando que continuar\u00e1n batallando unidas y fuertes para conseguir una igualdad real en nuestra sociedad. En este sentido, CGT considera que los derechos no se logran desde los despachos, sino desde la calle junto a todas las mujeres que contin\u00faan oprimidas a causa del patriarcado.<\/p>\n<p>El 8 de marzo de 2017, que comenzaba con la noticia del fin de la huelga de las mujeres de Ve-la-luz en Sol, ha estado lleno de actos y convocatorias. A las 12 de la ma\u00f1ana se llevaba a cabo un paro internacional para recordar sobre todo a todas aquellas mujeres asesinadas por sus parejas o ex parejas.<\/p>\n<p>La secretaria de Acci\u00f3n Social de la CGT, Irene de la Cuerda, record\u00f3 en un momento de la manifestaci\u00f3n celebrada en Madrid, que estamos en una situaci\u00f3n l\u00edmite porque casi todos los d\u00edas tenemos que lamentar la muerte de una mujer en el Estado espa\u00f1ol a causa de la Violencia Machista. \u201cEsperamos la reacci\u00f3n de la sociedad y el cambio de la escala de valores actual. Esto solo se consigue con la lucha de las mujeres concienciadas, organizadas y movilizadas\u201d.<\/p>\n<p>http:\/\/cgt.org.es\/noticias-cgt\/notas-de-prensa\/cientos-de-miles-de-mujeres-salen-las-calles-de-todo-el-estado-pidiendo<\/p>\n<\/div>\n","protected":false},"excerpt":{"rendered":"<div class=\"mh-excerpt\"><p>Cientos de miles de mujeres gritan unidas contra el patriarcado y exigen el fin del terrorismo machista en un d\u00eda de lucha y participaci\u00f3n hist\u00f3rico, <a class=\"mh-excerpt-more\" href=\"https:\/\/cgttenerife.org\/?p=932\" title=\"Cientos de miles de mujeres salen a las calles de todo el Estado pidiendo igualdad y el fin de las Violencias Machistas\">[&#8230;]<\/a><\/p>\n<\/div>","protected":false},"author":1,"featured_media":0,"comment_status":"closed","ping_status":"closed","sticky":false,"template":"","format":"gallery","meta":{"footnotes":""},"categories":[4,10],"tags":[],"class_list":["post-932","post","type-post","status-publish","format-gallery","hentry","category-actualidad","category-feminismo","post_format-post-format-gallery"],"_links":{"self":[{"href":"https:\/\/cgttenerife.org\/index.php?rest_route=\/wp\/v2\/posts\/932","targetHints":{"allow":["GET"]}}],"collection":[{"href":"https:\/\/cgttenerife.org\/index.php?rest_route=\/wp\/v2\/posts"}],"about":[{"href":"https:\/\/cgttenerife.org\/index.php?rest_route=\/wp\/v2\/types\/post"}],"author":[{"embeddable":true,"href":"https:\/\/cgttenerife.org\/index.php?rest_route=\/wp\/v2\/users\/1"}],"replies":[{"embeddable":true,"href":"https:\/\/cgttenerife.org\/index.php?rest_route=%2Fwp%2Fv2%2Fcomments&post=932"}],"version-history":[{"count":1,"href":"https:\/\/cgttenerife.org\/index.php?rest_route=\/wp\/v2\/posts\/932\/revisions"}],"predecessor-version":[{"id":2804,"href":"https:\/\/cgttenerife.org\/index.php?rest_route=\/wp\/v2\/posts\/932\/revisions\/2804"}],"wp:attachment":[{"href":"https:\/\/cgttenerife.org\/index.php?rest_route=%2Fwp%2Fv2%2Fmedia&parent=932"}],"wp:term":[{"taxonomy":"category","embeddable":true,"href":"https:\/\/cgttenerife.org\/index.php?rest_route=%2Fwp%2Fv2%2Fcategories&post=932"},{"taxonomy":"post_tag","embeddable":true,"href":"https:\/\/cgttenerife.org\/index.php?rest_route=%2Fwp%2Fv2%2Ftags&post=932"}],"curies":[{"name":"wp","href":"https:\/\/api.w.org\/{rel}","templated":true}]}}