{"id":923,"date":"2017-03-07T11:06:36","date_gmt":"2017-03-07T11:06:36","guid":{"rendered":"https:\/\/cgttenerife.wordpress.com\/?p=923"},"modified":"2023-01-29T14:42:57","modified_gmt":"2023-01-29T14:42:57","slug":"nos-toca-a-todos-y-todas-pelear-por-lo-publico-por-lo-comun","status":"publish","type":"post","link":"https:\/\/cgttenerife.org\/?p=923","title":{"rendered":"Nos toca a todos y todas pelear \u201cpor lo p\u00fablico, por lo com\u00fan\u201d"},"content":{"rendered":"<p><strong><img loading=\"lazy\" decoding=\"async\" class=\"alignleft size-medium wp-image-924\" src=\"https:\/\/cgttenerife.files.wordpress.com\/2017\/03\/cartel-por-lo-publico-castellano_0.jpg?w=212\" alt=\"\" width=\"212\" height=\"300\" \/>\u00bfDe qu\u00e9 hablamos cuando nos referimos a los Servicios P\u00fablicos?<\/strong><\/p>\n<p><strong>Hablamos de las necesidades que tenemos que cubrir<\/strong> desde que nacemos:<\/p>\n<ul>\n<li>Ser<strong> cuidadas<\/strong> en la <strong>infancia<\/strong> y cuando sufrimos <strong>dependencia<\/strong>.<\/li>\n<li><strong>Educarnos<\/strong> para pensar y actuar como personas con autonom\u00eda.<\/li>\n<li>Que nuestra <strong>salud<\/strong> sea buena y duradera.<\/li>\n<li>Poder disponer y utilizar los <strong>medios esenciales para la vida: alimentos, energ\u00eda, agua, viviendas\u2026<\/strong><\/li>\n<li><strong>Tener unos transportes<\/strong> adecuados y accesibles para relacionarnos con las dem\u00e1s personas, trasladarnos a los trabajos\u2026<\/li>\n<li>Tener <strong>pensiones adecuadas y suficientes<\/strong> cuando termina nuestro ciclo de trabajo obligatorio.<\/li>\n<li>Tener <strong>prestaciones sociales suficientes en los casos de desempleo, situaciones de invalidez\u2026<\/strong><\/li>\n<li>Tener unas <strong>ciudades limpias<\/strong> y un <strong>medio ambiente habitable.<\/strong><\/li>\n<li>Tener unos<strong> Medios de Comunicaci\u00f3n P\u00fablicos<\/strong> al servicio de la ciudadan\u00eda para una <strong>informaci\u00f3n veraz e independiente<\/strong> de los poderes pol\u00edticos y econ\u00f3micos.<\/li>\n<li>Tener derecho a la\u00a0 <strong>producci\u00f3n de alimentos en el \u00e1mbito rural<\/strong>, como garant\u00eda de la s<strong>upervivencia de sus poblaciones.<\/strong><\/li>\n<\/ul>\n<p><strong>Porque la salud, la educaci\u00f3n, la energ\u00eda, el trabajo, los cuidados, el transporte, la vivienda, la alimentaci\u00f3n\u2026, son Derechos Sociales y Derechos Fundamentales de las Personas.<\/strong><\/p>\n<p>Nuestras necesidades, las que son comunes a todos los seres humanos, deben ser cubiertas a trav\u00e9s de Sistemas P\u00fablicos, porque la <strong>l\u00f3gica de lo P\u00fablico <\/strong>tiene como objetivo la satisfacci\u00f3n de las necesidades sociales y \u00e9stas son universales, nos afectan a todos y a todas a lo largo de nuestra vida:<\/p>\n<ul>\n<li><strong>Se busca la distribuci\u00f3n de la riqueza que entre todos y todas creamos, para que todas las personas tengamos acceso a derechos esenciales para una vida digna de manera igualitaria y a protecci\u00f3n social en situaciones de necesidad:<\/strong> desempleo, pensiones, rentas b\u00e1sicas, vivienda, educaci\u00f3n, salud, h\u00e1bitat, dependencia,&#8230;<\/li>\n<li><strong>No existe un inter\u00e9s privado, particular<\/strong>, sino colectivo, porque todas las personas tenemos las mismas necesidades y nadie debe apropiarse o lucrarse con ellas de manera ego\u00edsta y por inter\u00e9s particular.<\/li>\n<li><strong>Las prestaciones p\u00fablicas son cubiertas con los recursos que producimos entre todos y todas<\/strong> a trav\u00e9s de nuestro trabajo y del pago de impuestos. Todas las personas tenemos que contribuir, quien m\u00e1s gana m\u00e1s debe aportar. La sociedad tiene que ejercer la solidaridad.<\/li>\n<li><strong>La gesti\u00f3n de los servicios p\u00fablicos no puede regirse por el principio de rentabilidad econ\u00f3mica<\/strong>, sino por principios de reparto necesario y suficiente, para cubrir necesidades sociales.<\/li>\n<\/ul>\n<p class=\"Textbody\">La realidad es que las pol\u00edticas econ\u00f3micas y sociales que vienen desplegando los gobiernos europeos no s\u00f3lo contradicen los mandatos constitucionales, sino que demuestran una clara ausencia de democracia, trasladando al mercado la soluci\u00f3n de las necesidades sociales y sus demandas, originando millones de personas perjudicadas, precarizadas y excluidas de estos bienes comunes, haciendo de la vida de mucha gente, una experiencia de dolor, miseria, indignidad e injusticia social.<\/p>\n<p class=\"Textbody\">\u00bfPor qu\u00e9 nos han despose\u00eddo de estos Derechos Fundamentales y quienes son los responsables de esta barbaridad?:<\/p>\n<p>A partir de los a\u00f1os 70, en este capitalismo liberal, se lleva a cabo\u00a0 la <strong>desposesi\u00f3n de los servicios esenciales para la comunidad, a trav\u00e9s de su mercantilizaci\u00f3n y las privatizaciones de las empresas p\u00fablicas<\/strong>, para ser convertidos en negocio.<\/p>\n<p>La Uni\u00f3n \u20acuropea liberaliz\u00f3 el mercado de los servicios y <strong>no reconoce claramente los servicios que son de inter\u00e9s general, no comerciales.<\/strong> Los tratados transatl\u00e1nticos sobre inversiones y comercio (CETA, TTIP, TISA, etc\u2026), amplifican la liberalizaci\u00f3n en base a tres premisas fundamentales: la desregulaci\u00f3n, la eliminaci\u00f3n de cualquier l\u00edmite al \u201clibre comercio\u201d (derechos sociales, derechos laborales, l\u00edmites medioambientales, l\u00edmites fiscales, etc\u2026) y la priorizaci\u00f3n de seguridad jur\u00eddica del inversor por encima de cualquier norma y derecho de los estados.<\/p>\n<p><strong>En el estado espa\u00f1ol, con los gobiernos del PSOE (a\u00f1os 80 y 90) y, a posteriori,\u00a0 (a\u00f1os 90 y 2000) con los gobiernos del PP, se entregaron al mercado privado la mayor\u00eda de las Empresas P\u00fablicas (Astilleros, Aluminio, Hierro, Automoci\u00f3n, Turismo, Autopistas, Electr\u00f3nica, papel,) y se externalizaron Servicios P\u00fablicos que son esenciales para la Vida: Energ\u00eda (petr\u00f3leo, electricidad, gas\u2026.), Comunicaci\u00f3n, Transportes por tierra mar y aire, conciertos sanitarios o educativos, etc&#8230;<\/strong><\/p>\n<p>Las grandes corporaciones-Empresas privadas del Ibex 35 (las el\u00e9ctricas, las gasistas, las de comunicaci\u00f3n, etc.), que antes eran p\u00fablicas, en los 8 a\u00f1os de su \u201ccrisis-estafa\u201d, se han embolsado privadamente m\u00e1s de 272.572 Millones de \u20ac netos.<strong>\u00a0<\/strong><\/p>\n<p class=\"Textbody\">\u00bfGestiona mejor lo privado? \u00bfLo vuelve m\u00e1s eficiente? \u00bfMejora las condiciones laborales y sociales? \u00bfMejora las condiciones de accesibilidad a estos Servicios P\u00fablicos? \u00bfEs un sistema m\u00e1s equitativo?<\/p>\n<p><strong>La realidad lo desmiente:<\/strong><br \/>\nLa crisis-estafa que el capitalismo genera a partir del 2007, agudiza de manera letal la desposesi\u00f3n. En el per\u00edodo 2009-2014 en el estado espa\u00f1ol,<strong> la reducci\u00f3n del gasto p\u00fablico<\/strong> se acerca a los <strong>78.000 millones de euros.<\/strong><\/p>\n<p><strong>Los recortes son dram\u00e1ticos para la mayor\u00eda social. <\/strong>Ninguno de los bienes comunes se libra de esta barbarie: la educaci\u00f3n, la sanidad, la vivienda, las prestaciones de desempleo, los cuidados, la dependencia, la cultura, las pensiones, las inversiones en lo p\u00fablico\u2026<\/p>\n<p>Los gobiernos del PSOE y el PP, al dictado de Bruselas, recortaron el gasto social en las tres grandes partidas que afectan a los Derechos Sociales: <strong>los Servicios P\u00fablicos b\u00e1sicos, las prestaciones para la protecci\u00f3n social y las pol\u00edticas sociales.<\/strong><\/p>\n<p><strong>Muy grave retroceso en la dotaci\u00f3n del gasto para los Servicios P\u00fablicos B\u00e1sicos:<\/strong><\/p>\n<ul>\n<li><strong>Gasto sanitario: 9.600 Millones de \u20ac, lo que supone reducci\u00f3n salarial del personal sanitario de 3.244 Millones de \u20ac (menos plantilla y menos salarios) y la inversi\u00f3n en Sanidad que se redujo en 2.144 Millones.<\/strong><\/li>\n<li><strong>Gasto educativo: 7.394 Millones de \u20ac, perdiendo las personas asalariadas un total de 3.705 Millones (menos plantilla y menos salarios) y dejando de invertir por valor de 2.235 Millones.<\/strong><\/li>\n<li><strong>Gasto desempleo: el gasto baj\u00f3 en 7.231 Millones de \u20ac, disminuyendo de manera dr\u00e1stica la tasa de cobertura (solamente el 54% de las personas paradas perciben alguna prestaci\u00f3n), as\u00ed como que las cantidades de la prestaci\u00f3n cada vez son menores.<\/strong><\/li>\n<\/ul>\n<p>En las Administraciones P\u00fablicas recortan la plantilla, <strong>hay p\u00e9rdida de un 15% de IPC en los \u00faltimos 4 a\u00f1os, adem\u00e1s de la inestabilidad laboral, precariedad y la congelaci\u00f3n salarial<\/strong> de quienes tienen que velar por la ejecuci\u00f3n de unos Servicios P\u00fablicos de calidad para la ciudadan\u00eda.<\/p>\n<p><strong>Los Derechos no se Venden, se Defienden<\/strong><\/p>\n<ul>\n<li>Es una gran mentira que el mercado libre sea el mejor sistema de asignar recursos.<\/li>\n<li>S\u00f3lo es eficiente el mercado si se tiene dinero y, adem\u00e1s, <strong>agrede letalmente al medio ambiente y genera graves desigualdades.<\/strong><\/li>\n<li>Quienes han adoptado las Pol\u00edticas del Mercado han generado sociedades des-cohesionadas, pobres, precarizadas, desiguales, agresivas, autoritarias.<\/li>\n<\/ul>\n<p><strong>CGT est\u00e1 por la defensa de los Servicios P\u00fablicos como derechos sociales para todos y todas.<\/strong><\/p>\n<p>CGT est\u00e1 en contra de la mercantilizaci\u00f3n de los servicios p\u00fablicos. No compartimos la l\u00f3gica neoliberal y la combatimos\u00a0 defendiendo un <strong>modelo econ\u00f3mico basado en la justicia social<\/strong>, apostando n\u00edtidamente por su <strong>universalidad, suficiencia y eficiencia.<\/strong><\/p>\n<p>Luchamos por recuperar los Servicios P\u00fablicos en todas las administraciones, teniendo como <strong>objetivo final la gesti\u00f3n de los mismos por los propios trabajadores y usuarias<\/strong>.<\/p>\n<p><strong>NOS TOCA A TODOS Y TODAS PELEAR<\/strong><\/p>\n<h1>\u201cPOR LO P\u00daBLICO, POR LO COM\u00daN\u201d<\/h1>\n<p><a href=\"http:\/\/cgt.org.es\/nos-toca-todos-y-todas-pelear-%E2%80%9Cpor-lo-publico-por-lo-comun%E2%80%9D\">http:\/\/cgt.org.es\/nos-toca-todos-y-todas-pelear-\u00abpor-lo-publico-por-lo-comun\u00bb\u00a0<\/a><\/p>\n<p>&nbsp;<\/p>\n","protected":false},"excerpt":{"rendered":"<div class=\"mh-excerpt\"><p>\u00bfDe qu\u00e9 hablamos cuando nos referimos a los Servicios P\u00fablicos? Hablamos de las necesidades que tenemos que cubrir desde que nacemos: Ser cuidadas en la <a class=\"mh-excerpt-more\" href=\"https:\/\/cgttenerife.org\/?p=923\" title=\"Nos toca a todos y todas pelear \u201cpor lo p\u00fablico, por lo com\u00fan\u201d\">[&#8230;]<\/a><\/p>\n<\/div>","protected":false},"author":1,"featured_media":0,"comment_status":"closed","ping_status":"closed","sticky":false,"template":"","format":"gallery","meta":{"footnotes":""},"categories":[4,6],"tags":[],"class_list":["post-923","post","type-post","status-publish","format-gallery","hentry","category-actualidad","category-comunicados","post_format-post-format-gallery"],"_links":{"self":[{"href":"https:\/\/cgttenerife.org\/index.php?rest_route=\/wp\/v2\/posts\/923","targetHints":{"allow":["GET"]}}],"collection":[{"href":"https:\/\/cgttenerife.org\/index.php?rest_route=\/wp\/v2\/posts"}],"about":[{"href":"https:\/\/cgttenerife.org\/index.php?rest_route=\/wp\/v2\/types\/post"}],"author":[{"embeddable":true,"href":"https:\/\/cgttenerife.org\/index.php?rest_route=\/wp\/v2\/users\/1"}],"replies":[{"embeddable":true,"href":"https:\/\/cgttenerife.org\/index.php?rest_route=%2Fwp%2Fv2%2Fcomments&post=923"}],"version-history":[{"count":1,"href":"https:\/\/cgttenerife.org\/index.php?rest_route=\/wp\/v2\/posts\/923\/revisions"}],"predecessor-version":[{"id":2807,"href":"https:\/\/cgttenerife.org\/index.php?rest_route=\/wp\/v2\/posts\/923\/revisions\/2807"}],"wp:attachment":[{"href":"https:\/\/cgttenerife.org\/index.php?rest_route=%2Fwp%2Fv2%2Fmedia&parent=923"}],"wp:term":[{"taxonomy":"category","embeddable":true,"href":"https:\/\/cgttenerife.org\/index.php?rest_route=%2Fwp%2Fv2%2Fcategories&post=923"},{"taxonomy":"post_tag","embeddable":true,"href":"https:\/\/cgttenerife.org\/index.php?rest_route=%2Fwp%2Fv2%2Ftags&post=923"}],"curies":[{"name":"wp","href":"https:\/\/api.w.org\/{rel}","templated":true}]}}