{"id":921,"date":"2017-03-07T10:59:04","date_gmt":"2017-03-07T10:59:04","guid":{"rendered":"https:\/\/cgttenerife.wordpress.com\/?p=921"},"modified":"2023-01-29T14:42:57","modified_gmt":"2023-01-29T14:42:57","slug":"la-cgt-apoya-y-respalda-las-movilizaciones-de-los-bomberos-del-consorcio-de-tenerife","status":"publish","type":"post","link":"https:\/\/cgttenerife.org\/?p=921","title":{"rendered":"La CGT apoya y respalda las movilizaciones de los Bomberos del Consorcio de Tenerife"},"content":{"rendered":"<p lang=\"es-ES\" align=\"JUSTIFY\"><i>La Confederaci\u00f3n General del Trabajo (CGT) cree que se debe priorizar los parques profesionales de bomberos.<\/i><\/p>\n<p><b>Santa Cruz de Tenerife, 22 de febrero.<\/b> El Sindicato Unico de la CGT de Tenerife quiere mostrar su apoyo a las movilizaciones y a las protestas que durante los \u00faltimos d\u00edas est\u00e1n llevando a cabo los bomberos del Consorcio de Tenerife, quienes piden un cambio en la pol\u00edtica de proyectos de la Corporaci\u00f3n Insular en lo que a parques de bomberos se refiere.<\/p>\n<p>Desde CGT no entendemos como se puede realizar una inversi\u00f3n de 1,2 millones de euros en un parque metropolitano para bomberos voluntarios, cuando en el sur de la isla \u00fanicamente existe un parque profesional. Adem\u00e1s, desde CGT pensamos que se deber\u00edan de dotar partidas presupuestarias m\u00e1s altas para, por ejemplo, renovaci\u00f3n de material, mejora de veh\u00edculos o adelanto de los parques profesionales proyectados y que, como ha dicho el presidente del Consorcio, no estar\u00e1n listos hasta dentro de un periodo m\u00ednimo de 4 a\u00f1os.<\/p>\n<div class=\"googlepublisherpluginad\"><\/div>\n<p>Es por todo ello que la CGT apoya todas las movilizaciones que realicen los bomberos del Consorcio. Adem\u00e1s, instamos al Cabildo de Tenerife a que busque una r\u00e1pida soluci\u00f3n del conflicto para unos profesionales que se juegan la vida por la seguridad de las personas y cosas.<\/p>\n","protected":false},"excerpt":{"rendered":"<div class=\"mh-excerpt\"><p>La Confederaci\u00f3n General del Trabajo (CGT) cree que se debe priorizar los parques profesionales de bomberos. Santa Cruz de Tenerife, 22 de febrero. El Sindicato <a class=\"mh-excerpt-more\" href=\"https:\/\/cgttenerife.org\/?p=921\" title=\"La CGT apoya y respalda las movilizaciones de los Bomberos del Consorcio de Tenerife\">[&#8230;]<\/a><\/p>\n<\/div>","protected":false},"author":1,"featured_media":0,"comment_status":"closed","ping_status":"closed","sticky":false,"template":"","format":"gallery","meta":{"footnotes":""},"categories":[4,6],"tags":[],"class_list":["post-921","post","type-post","status-publish","format-gallery","hentry","category-actualidad","category-comunicados","post_format-post-format-gallery"],"_links":{"self":[{"href":"https:\/\/cgttenerife.org\/index.php?rest_route=\/wp\/v2\/posts\/921","targetHints":{"allow":["GET"]}}],"collection":[{"href":"https:\/\/cgttenerife.org\/index.php?rest_route=\/wp\/v2\/posts"}],"about":[{"href":"https:\/\/cgttenerife.org\/index.php?rest_route=\/wp\/v2\/types\/post"}],"author":[{"embeddable":true,"href":"https:\/\/cgttenerife.org\/index.php?rest_route=\/wp\/v2\/users\/1"}],"replies":[{"embeddable":true,"href":"https:\/\/cgttenerife.org\/index.php?rest_route=%2Fwp%2Fv2%2Fcomments&post=921"}],"version-history":[{"count":1,"href":"https:\/\/cgttenerife.org\/index.php?rest_route=\/wp\/v2\/posts\/921\/revisions"}],"predecessor-version":[{"id":2808,"href":"https:\/\/cgttenerife.org\/index.php?rest_route=\/wp\/v2\/posts\/921\/revisions\/2808"}],"wp:attachment":[{"href":"https:\/\/cgttenerife.org\/index.php?rest_route=%2Fwp%2Fv2%2Fmedia&parent=921"}],"wp:term":[{"taxonomy":"category","embeddable":true,"href":"https:\/\/cgttenerife.org\/index.php?rest_route=%2Fwp%2Fv2%2Fcategories&post=921"},{"taxonomy":"post_tag","embeddable":true,"href":"https:\/\/cgttenerife.org\/index.php?rest_route=%2Fwp%2Fv2%2Ftags&post=921"}],"curies":[{"name":"wp","href":"https:\/\/api.w.org\/{rel}","templated":true}]}}