{"id":916,"date":"2017-03-07T10:51:25","date_gmt":"2017-03-07T10:51:25","guid":{"rendered":"https:\/\/cgttenerife.wordpress.com\/?p=916"},"modified":"2023-01-29T14:42:58","modified_gmt":"2023-01-29T14:42:58","slug":"cgt-se-solidariza-con-los-estibadores-vuestra-lucha-es-la-nuestra-ni-un-paso-atras","status":"publish","type":"post","link":"https:\/\/cgttenerife.org\/?p=916","title":{"rendered":"CGT se solidariza con los estibadores, vuestra lucha es la nuestra \u00a1Ni un paso atr\u00e1s!"},"content":{"rendered":"<p>En nombre de la afiliaci\u00f3n de CGT os queremos hacer llegar nuestro apoyo y solidaridad ante la agresi\u00f3n que est\u00e1is sufriendo.<\/p>\n<p>Estamos a vuestro lado, vuestra lucha es la nuestra, no pod\u00e9is, no podemos perder. Denunciamos la actuaci\u00f3n del Gobierno espa\u00f1ol, servil y sumiso a los poderes econ\u00f3micos, mientras utiliza la vara contra las personas trabajadoras. Denunciamos tambi\u00e9n las actuaciones incendiarias llevadas a cabo por este mismo Gobierno, imponiendo un Real Decreto que parece destinado a encender el polvor\u00edn en los puertos, en lugar de buscar una soluci\u00f3n negociada que d\u00e9 satisfacci\u00f3n a las partes. Denunciamos la irresponsabilidad de un Gobierno y de una parte de la patronal que est\u00e1 dispuesta a infringir graves da\u00f1os a nuestra econom\u00eda, solo para satisfacer la avaricia de fondos de riesgo y afines. Denunciamos la prepotencia provocadora de esas mismas autoridades, que, sin que haya ninguna necesidad, llevan a cabo un enorme despliegue policial en los puertos, contribuyendo a lo contrario que aconseja el clima existente entre los y las trabajadoras portuarias. Denunciamos la chuler\u00eda de una patronal que pide la presencia del Ej\u00e9rcito en caso de que finalmente se ejercite el derecho constitucional a la huelga, demostrando su escaso talante democr\u00e1tico y la falta de respeto a los estibadores en concreto, y a las personas trabajadoras en general.<\/p>\n<p>La pr\u00f3xima semana, CGT se re\u00fane para tratar diversos temas del sector, con representantes de los Grupos Parlamentarios del PSOE y de UNIDOS-PODEMOS, y les trasladaremos nuestra inquietud ante la situaci\u00f3n que se est\u00e1 viviendo y la solidaridad hacia las estibadoras y estibadores, as\u00ed como la oposici\u00f3n a las actuaciones tomadas y concretamente al Real Decreto impuesto. Por \u00faltimo, es de lamentar la nula sensibilidad demostrada hacia vuestro colectivo y a las miles de familias que se podr\u00edan ver damnificadas en caso de que se salieran con la suya. Pero no lo har\u00e1n, porque la raz\u00f3n est\u00e1 de vuestro lado, y nosotras a vuestro costado. \u00a1Ni un paso atr\u00e1s!<\/p>\n<p>Valencia, 28 de febrero de 2017.<\/p>\n<p>Enric Tarrida Mart\u00ednez<\/p>\n<p>Secretario General del Sector Mar y Puertos \u2013 CGT<\/p>\n","protected":false},"excerpt":{"rendered":"<div class=\"mh-excerpt\"><p>En nombre de la afiliaci\u00f3n de CGT os queremos hacer llegar nuestro apoyo y solidaridad ante la agresi\u00f3n que est\u00e1is sufriendo. Estamos a vuestro lado, <a class=\"mh-excerpt-more\" href=\"https:\/\/cgttenerife.org\/?p=916\" title=\"CGT se solidariza con los estibadores, vuestra lucha es la nuestra \u00a1Ni un paso atr\u00e1s!\">[&#8230;]<\/a><\/p>\n<\/div>","protected":false},"author":1,"featured_media":0,"comment_status":"closed","ping_status":"closed","sticky":false,"template":"","format":"gallery","meta":{"footnotes":""},"categories":[4,6],"tags":[],"class_list":["post-916","post","type-post","status-publish","format-gallery","hentry","category-actualidad","category-comunicados","post_format-post-format-gallery"],"_links":{"self":[{"href":"https:\/\/cgttenerife.org\/index.php?rest_route=\/wp\/v2\/posts\/916","targetHints":{"allow":["GET"]}}],"collection":[{"href":"https:\/\/cgttenerife.org\/index.php?rest_route=\/wp\/v2\/posts"}],"about":[{"href":"https:\/\/cgttenerife.org\/index.php?rest_route=\/wp\/v2\/types\/post"}],"author":[{"embeddable":true,"href":"https:\/\/cgttenerife.org\/index.php?rest_route=\/wp\/v2\/users\/1"}],"replies":[{"embeddable":true,"href":"https:\/\/cgttenerife.org\/index.php?rest_route=%2Fwp%2Fv2%2Fcomments&post=916"}],"version-history":[{"count":1,"href":"https:\/\/cgttenerife.org\/index.php?rest_route=\/wp\/v2\/posts\/916\/revisions"}],"predecessor-version":[{"id":2810,"href":"https:\/\/cgttenerife.org\/index.php?rest_route=\/wp\/v2\/posts\/916\/revisions\/2810"}],"wp:attachment":[{"href":"https:\/\/cgttenerife.org\/index.php?rest_route=%2Fwp%2Fv2%2Fmedia&parent=916"}],"wp:term":[{"taxonomy":"category","embeddable":true,"href":"https:\/\/cgttenerife.org\/index.php?rest_route=%2Fwp%2Fv2%2Fcategories&post=916"},{"taxonomy":"post_tag","embeddable":true,"href":"https:\/\/cgttenerife.org\/index.php?rest_route=%2Fwp%2Fv2%2Ftags&post=916"}],"curies":[{"name":"wp","href":"https:\/\/api.w.org\/{rel}","templated":true}]}}