{"id":914,"date":"2017-03-07T11:17:55","date_gmt":"2017-03-07T11:17:55","guid":{"rendered":"https:\/\/cgttenerife.wordpress.com\/?p=914"},"modified":"2023-01-29T14:42:57","modified_gmt":"2023-01-29T14:42:57","slug":"cgt-apoya-la-movilizacion-paro-internacional-de-mujeres-convocado-a-nivel-mundial-para-el-8-de-marzo","status":"publish","type":"post","link":"https:\/\/cgttenerife.org\/?p=914","title":{"rendered":"CGT APOYA LA MOVILIZACI\u00d3N \u201cPARO INTERNACIONAL DE MUJERES\u201d CONVOCADO A NIVEL MUNDIAL PARA EL 8 DE MARZO."},"content":{"rendered":"<p><img loading=\"lazy\" decoding=\"async\" class=\"alignnone size-full wp-image-927\" src=\"https:\/\/cgttenerife.files.wordpress.com\/2017\/03\/cartel-8-marzo-a2-castellano.jpg\" alt=\"Cartel 8 marzo A2 castellano\" width=\"4961\" height=\"7016\" \/>Desde el SP del Comit\u00e9 Confederal de la CGT, manifestamos p\u00fablicamente nuestro apoyo y solidaridad a la movilizaci\u00f3n \u201cParo Internacional de mujeres\u201d para el 8 de marzo, D\u00eda Internacional de la Mujer Trabajadora que se est\u00e1 organizando en diferentes pa\u00edses, bajo el lema com\u00fan \u201cLa Solidaridad es nuestra arma\u201d. Apoyamos y animamos a secundar el paro internacional feminista en los empleos, cuidados y consumo durante el 8 de marzo.<\/p>\n<p>Compartimos la esencia de los objetivos de esta movilizaci\u00f3n internacional, como son:<\/p>\n<p>&#8211; Exigir la puesta en marcha y desarrollo de medidas concretas y efectivas contra las violencias machistas.<br \/>\n&#8211; La mejora de las condiciones laborales de las mujeres y el fin de la desigualdad laboral mediante la consecuci\u00f3n de la supresi\u00f3n de la brecha salarial, la desigualdad en las pensiones y en la promoci\u00f3n profesional.<br \/>\n&#8211; La efectividad real y promoci\u00f3n de la conciliaci\u00f3n de la vida familiar y personal.<br \/>\n&#8211; El cese de la discriminaci\u00f3n en el acceso al empleo y la disminuci\u00f3n de la tasa de paro de mujeres.<br \/>\n&#8211; La erradicaci\u00f3n de las situaciones de acoso sexual en el \u00e1mbito laboral, la precariedad laboral, temporalidad y la alta tasa de contratos con jornadas parciales y de corta duraci\u00f3n.<\/p>\n<p>As\u00ed mismo,desde este SP hacemos un llamamiento yanimamos a toda la organizaci\u00f3n a participar masivamente en las movilizaciones (concentraciones, performance, manifestaciones, debates\u2026), que para estos d\u00edas tenemos convocadas como CGT y con otros colectivos feministas en las diferentes ciudades y territorios.<\/p>\n<p>\u00a1Bailemos juntas nuestra revoluci\u00f3n!<\/p>\n<p>Por el SP Confederal<\/p>\n<p>Paula Ruiz Roa<br \/>\nSecretaria de la Mujer<\/p>\n","protected":false},"excerpt":{"rendered":"<div class=\"mh-excerpt\"><p>Desde el SP del Comit\u00e9 Confederal de la CGT, manifestamos p\u00fablicamente nuestro apoyo y solidaridad a la movilizaci\u00f3n \u201cParo Internacional de mujeres\u201d para el 8 <a class=\"mh-excerpt-more\" href=\"https:\/\/cgttenerife.org\/?p=914\" title=\"CGT APOYA LA MOVILIZACI\u00d3N \u201cPARO INTERNACIONAL DE MUJERES\u201d CONVOCADO A NIVEL MUNDIAL PARA EL 8 DE MARZO.\">[&#8230;]<\/a><\/p>\n<\/div>","protected":false},"author":1,"featured_media":0,"comment_status":"closed","ping_status":"closed","sticky":false,"template":"","format":"gallery","meta":{"footnotes":""},"categories":[4,6,9,10],"tags":[],"class_list":["post-914","post","type-post","status-publish","format-gallery","hentry","category-actualidad","category-comunicados","category-eventos","category-feminismo","post_format-post-format-gallery"],"_links":{"self":[{"href":"https:\/\/cgttenerife.org\/index.php?rest_route=\/wp\/v2\/posts\/914","targetHints":{"allow":["GET"]}}],"collection":[{"href":"https:\/\/cgttenerife.org\/index.php?rest_route=\/wp\/v2\/posts"}],"about":[{"href":"https:\/\/cgttenerife.org\/index.php?rest_route=\/wp\/v2\/types\/post"}],"author":[{"embeddable":true,"href":"https:\/\/cgttenerife.org\/index.php?rest_route=\/wp\/v2\/users\/1"}],"replies":[{"embeddable":true,"href":"https:\/\/cgttenerife.org\/index.php?rest_route=%2Fwp%2Fv2%2Fcomments&post=914"}],"version-history":[{"count":1,"href":"https:\/\/cgttenerife.org\/index.php?rest_route=\/wp\/v2\/posts\/914\/revisions"}],"predecessor-version":[{"id":2805,"href":"https:\/\/cgttenerife.org\/index.php?rest_route=\/wp\/v2\/posts\/914\/revisions\/2805"}],"wp:attachment":[{"href":"https:\/\/cgttenerife.org\/index.php?rest_route=%2Fwp%2Fv2%2Fmedia&parent=914"}],"wp:term":[{"taxonomy":"category","embeddable":true,"href":"https:\/\/cgttenerife.org\/index.php?rest_route=%2Fwp%2Fv2%2Fcategories&post=914"},{"taxonomy":"post_tag","embeddable":true,"href":"https:\/\/cgttenerife.org\/index.php?rest_route=%2Fwp%2Fv2%2Ftags&post=914"}],"curies":[{"name":"wp","href":"https:\/\/api.w.org\/{rel}","templated":true}]}}