{"id":911,"date":"2017-01-17T11:34:37","date_gmt":"2017-01-17T11:34:37","guid":{"rendered":"https:\/\/cgttenerife.wordpress.com\/?p=911"},"modified":"2023-01-29T14:42:58","modified_gmt":"2023-01-29T14:42:58","slug":"asamblea-general-anual-del-sindicato-unico-de-c-g-t-tenerife","status":"publish","type":"post","link":"https:\/\/cgttenerife.org\/?p=911","title":{"rendered":"Asamblea General Anual del Sindicato \u00danico de C.G.T. Tenerife"},"content":{"rendered":"<div class=\"x_gmail_default\">Se convoca a toda la afiliaci\u00f3n a la\u00a0<span class=\"x_gmail-il\">Asamblea\u00a0<\/span><span class=\"x_gmail-il\">General<\/span>\u00a0Anual de C.G.T., que tendr\u00e1 lugar el d\u00eda 28 de enero de 2017 a las 09:30 h. en primera convocatoria y a las\u00a0 10:00 h. en segunda.<\/p>\n<\/div>\n<div class=\"x_gmail_default\">El orden del d\u00eda ser\u00e1 el siguiente:<\/p>\n<\/div>\n<div class=\"x_gmail_default\">1- Aprobaci\u00f3n del acta anterior.<\/div>\n<div class=\"x_gmail_default\">2- Informe del S.P.<\/div>\n<div class=\"x_gmail_default\">3- Balance econ\u00f3mico.<\/div>\n<div class=\"x_gmail_default\">4- Elecci\u00f3n del nuevo S.P.<\/div>\n<div class=\"x_gmail_default\">5- Plan de trabajo. (El plazo para presentaci\u00f3n de ponencias ser\u00e1 hasta el d\u00eda 18 de enero de 2017).<\/div>\n<div class=\"x_gmail_default\">6- Determinaci\u00f3n de las fechas de Asambleas de 2017.<\/div>\n<div class=\"x_gmail_default\">7- Varios.<\/p>\n<\/div>\n<div class=\"x_gmail_default\">Salud,<\/p>\n<\/div>\n<div class=\"x_gmail_default\">Secretariado Permanente<\/div>\n","protected":false},"excerpt":{"rendered":"<div class=\"mh-excerpt\"><p>Se convoca a toda la afiliaci\u00f3n a la\u00a0Asamblea\u00a0General\u00a0Anual de C.G.T., que tendr\u00e1 lugar el d\u00eda 28 de enero de 2017 a las 09:30 h. en <a class=\"mh-excerpt-more\" href=\"https:\/\/cgttenerife.org\/?p=911\" title=\"Asamblea General Anual del Sindicato \u00danico de C.G.T. Tenerife\">[&#8230;]<\/a><\/p>\n<\/div>","protected":false},"author":1,"featured_media":0,"comment_status":"closed","ping_status":"closed","sticky":false,"template":"","format":"gallery","meta":{"footnotes":""},"categories":[4,9],"tags":[],"class_list":["post-911","post","type-post","status-publish","format-gallery","hentry","category-actualidad","category-eventos","post_format-post-format-gallery"],"_links":{"self":[{"href":"https:\/\/cgttenerife.org\/index.php?rest_route=\/wp\/v2\/posts\/911","targetHints":{"allow":["GET"]}}],"collection":[{"href":"https:\/\/cgttenerife.org\/index.php?rest_route=\/wp\/v2\/posts"}],"about":[{"href":"https:\/\/cgttenerife.org\/index.php?rest_route=\/wp\/v2\/types\/post"}],"author":[{"embeddable":true,"href":"https:\/\/cgttenerife.org\/index.php?rest_route=\/wp\/v2\/users\/1"}],"replies":[{"embeddable":true,"href":"https:\/\/cgttenerife.org\/index.php?rest_route=%2Fwp%2Fv2%2Fcomments&post=911"}],"version-history":[{"count":1,"href":"https:\/\/cgttenerife.org\/index.php?rest_route=\/wp\/v2\/posts\/911\/revisions"}],"predecessor-version":[{"id":2811,"href":"https:\/\/cgttenerife.org\/index.php?rest_route=\/wp\/v2\/posts\/911\/revisions\/2811"}],"wp:attachment":[{"href":"https:\/\/cgttenerife.org\/index.php?rest_route=%2Fwp%2Fv2%2Fmedia&parent=911"}],"wp:term":[{"taxonomy":"category","embeddable":true,"href":"https:\/\/cgttenerife.org\/index.php?rest_route=%2Fwp%2Fv2%2Fcategories&post=911"},{"taxonomy":"post_tag","embeddable":true,"href":"https:\/\/cgttenerife.org\/index.php?rest_route=%2Fwp%2Fv2%2Ftags&post=911"}],"curies":[{"name":"wp","href":"https:\/\/api.w.org\/{rel}","templated":true}]}}