{"id":906,"date":"2016-08-05T12:37:44","date_gmt":"2016-08-05T12:37:44","guid":{"rendered":"https:\/\/cgttenerife.wordpress.com\/?p=906"},"modified":"2023-01-29T14:42:58","modified_gmt":"2023-01-29T14:42:58","slug":"la-cgt-lamenta-la-perdida-de-francisco-jose-santana-en-el-incendio-forestal-de-la-palma","status":"publish","type":"post","link":"https:\/\/cgttenerife.org\/?p=906","title":{"rendered":"La CGT lamenta la p\u00e9rdida de Francisco Jos\u00e9 Santana en el incendio forestal de La Palma"},"content":{"rendered":"<p>\u2022 En la actualidad ocupaba la plaza de Jefe de Comarca del norte de La Palma 6.4 ( municipios de Puntallan<span class=\"text_exposed_show\">a, San Andres y Sauces y Barlovento)<\/span><\/p>\n<div class=\"text_exposed_show\">\n<p>Santa Cruz de Tenerife, 5 de agosto de 2016. La Confederaci\u00f3n General del Trabajo (CGT) en Tenerife y su secci\u00f3n sindical en el Cabildo Insular de Tenerife lamenta la p\u00e9rdida del agente medioambiental Francisco Jos\u00e9 Santana durante las labores de extinci\u00f3n del incendio en la isla de La Palma.<\/p>\n<p>Fran era una persona conocida no solo por su actividad profesional, tambi\u00e9n lo era por sus habituales colaboraciones con los colectivos ambientalistas y sociales. Licenciado en Derecho, sac\u00f3 plaza mediante oposici\u00f3n p\u00fablica de Agente de Medio Ambiente y lleg\u00f3 a colaborar en Radio Guiniguada con el programa \u201cAgarfa\u201d.<\/p>\n<p>Desde la CGT pedimos tambi\u00e9n una mayor inversi\u00f3n en capital humano y en medios para que tragedias como \u00e9sta no vuelvan a producirse nunca m\u00e1s.<\/p>\n<\/div>\n","protected":false},"excerpt":{"rendered":"<div class=\"mh-excerpt\"><p>\u2022 En la actualidad ocupaba la plaza de Jefe de Comarca del norte de La Palma 6.4 ( municipios de Puntallana, San Andres y Sauces <a class=\"mh-excerpt-more\" href=\"https:\/\/cgttenerife.org\/?p=906\" title=\"La CGT lamenta la p\u00e9rdida de Francisco Jos\u00e9 Santana en el incendio forestal de La Palma\">[&#8230;]<\/a><\/p>\n<\/div>","protected":false},"author":1,"featured_media":0,"comment_status":"closed","ping_status":"closed","sticky":false,"template":"","format":"gallery","meta":{"footnotes":""},"categories":[4,6],"tags":[],"class_list":["post-906","post","type-post","status-publish","format-gallery","hentry","category-actualidad","category-comunicados","post_format-post-format-gallery"],"_links":{"self":[{"href":"https:\/\/cgttenerife.org\/index.php?rest_route=\/wp\/v2\/posts\/906","targetHints":{"allow":["GET"]}}],"collection":[{"href":"https:\/\/cgttenerife.org\/index.php?rest_route=\/wp\/v2\/posts"}],"about":[{"href":"https:\/\/cgttenerife.org\/index.php?rest_route=\/wp\/v2\/types\/post"}],"author":[{"embeddable":true,"href":"https:\/\/cgttenerife.org\/index.php?rest_route=\/wp\/v2\/users\/1"}],"replies":[{"embeddable":true,"href":"https:\/\/cgttenerife.org\/index.php?rest_route=%2Fwp%2Fv2%2Fcomments&post=906"}],"version-history":[{"count":1,"href":"https:\/\/cgttenerife.org\/index.php?rest_route=\/wp\/v2\/posts\/906\/revisions"}],"predecessor-version":[{"id":2812,"href":"https:\/\/cgttenerife.org\/index.php?rest_route=\/wp\/v2\/posts\/906\/revisions\/2812"}],"wp:attachment":[{"href":"https:\/\/cgttenerife.org\/index.php?rest_route=%2Fwp%2Fv2%2Fmedia&parent=906"}],"wp:term":[{"taxonomy":"category","embeddable":true,"href":"https:\/\/cgttenerife.org\/index.php?rest_route=%2Fwp%2Fv2%2Fcategories&post=906"},{"taxonomy":"post_tag","embeddable":true,"href":"https:\/\/cgttenerife.org\/index.php?rest_route=%2Fwp%2Fv2%2Ftags&post=906"}],"curies":[{"name":"wp","href":"https:\/\/api.w.org\/{rel}","templated":true}]}}