{"id":899,"date":"2016-07-12T10:24:30","date_gmt":"2016-07-12T10:24:30","guid":{"rendered":"https:\/\/cgttenerife.wordpress.com\/?p=899"},"modified":"2023-01-29T14:42:58","modified_gmt":"2023-01-29T14:42:58","slug":"la-cgt-apoya-a-la-plantilla-del-instituto-tecnologico-de-canarias-ante-el-cierre-anunciado-por-el-ejecutivo-regional","status":"publish","type":"post","link":"https:\/\/cgttenerife.org\/?p=899","title":{"rendered":"La CGT apoya a la plantilla del Instituto Tecnol\u00f3gico de Canarias ante el cierre anunciado por el Ejecutivo Regional"},"content":{"rendered":"<p style=\"text-align:justify;\"><strong>Unas 150 personas se ver\u00edan afectadas por el cierre y se abandonar\u00edan proyectos ya comenzados<\/strong><\/p>\n<p style=\"text-align:justify;\">Santa Cruz de Tenerife, 12 de julio de 2016. La Confederaci\u00f3n General del Trabajo (CGT) en Tenerife quiere mostrar su apoyo incondicional a las personas que trabajan en el Instituto Tecnol\u00f3gico de Canarias ante el inminente cierre anunciado por el Gobierno de Canarias.<\/p>\n<p style=\"text-align:justify;\">El anuncio del cierre del ITC no es m\u00e1s que la representaci\u00f3n de lo poco que le importa a la clase pol\u00edtica regional la inversi\u00f3n en I+D+i, donde se podr\u00edan generar gran n\u00famero de puestos de trabajo. Al anuncio realizado por el Presidente Regional Fernando Clavijo del cierre del ITC, se une adem\u00e1s la centralizaci\u00f3n de las investigaciones en las dos universidades canarias, pero sin aclarar bajo que r\u00e9gimen de contrato se har\u00e1n a las personas que lleven a cabo dichas investigaciones, a sabiendas, de c\u00f3mo est\u00e1n las investigaciones y las pol\u00edticas de becas en el resto de universidades del Estado debido a los recortes aplicados por el Gobierno de Espa\u00f1a en materia de educaci\u00f3n e investigaci\u00f3n.<\/p>\n<p style=\"text-align:justify;\">Con el cierre del ITC, se quedar\u00edan en el tintero proyectos tan importantes como el fomento de las energ\u00edas renovables, donde el archipi\u00e9lago es una fuente inagotable de recursos y que podr\u00eda generar puestos de trabajo, la cooperaci\u00f3n al desarrollo en \u00c1frica o la colaboraci\u00f3n con hospitales.<\/p>\n<p style=\"text-align:justify;\">Con el cierre del ITC se constata la obsesi\u00f3n del Gobierno de Canarias en terminar con la industria y la investigaci\u00f3n en las islas y afianzar proyectos como la Ley de Suelo, que aboca a nuestros j\u00f3venes a ser empleados en el sector tur\u00edstico, en condiciones precarias y, de paso, destrozando la sostenibilidad medioambiental del archipi\u00e9lago sustentada, a la par, por proyectos como los de las regasificadora del sur.<\/p>\n<p style=\"text-align:justify;\">Desde CGT Tenerife nos oponemos al cierre del ITC, solidariz\u00e1ndonos con su plantilla y pedimos mayor inversi\u00f3n en I+D+i<\/p>\n","protected":false},"excerpt":{"rendered":"<div class=\"mh-excerpt\"><p>Unas 150 personas se ver\u00edan afectadas por el cierre y se abandonar\u00edan proyectos ya comenzados Santa Cruz de Tenerife, 12 de julio de 2016. La <a class=\"mh-excerpt-more\" href=\"https:\/\/cgttenerife.org\/?p=899\" title=\"La CGT apoya a la plantilla del Instituto Tecnol\u00f3gico de Canarias ante el cierre anunciado por el Ejecutivo Regional\">[&#8230;]<\/a><\/p>\n<\/div>","protected":false},"author":1,"featured_media":0,"comment_status":"closed","ping_status":"closed","sticky":false,"template":"","format":"standard","meta":{"footnotes":""},"categories":[4,6],"tags":[],"class_list":["post-899","post","type-post","status-publish","format-standard","hentry","category-actualidad","category-comunicados"],"_links":{"self":[{"href":"https:\/\/cgttenerife.org\/index.php?rest_route=\/wp\/v2\/posts\/899","targetHints":{"allow":["GET"]}}],"collection":[{"href":"https:\/\/cgttenerife.org\/index.php?rest_route=\/wp\/v2\/posts"}],"about":[{"href":"https:\/\/cgttenerife.org\/index.php?rest_route=\/wp\/v2\/types\/post"}],"author":[{"embeddable":true,"href":"https:\/\/cgttenerife.org\/index.php?rest_route=\/wp\/v2\/users\/1"}],"replies":[{"embeddable":true,"href":"https:\/\/cgttenerife.org\/index.php?rest_route=%2Fwp%2Fv2%2Fcomments&post=899"}],"version-history":[{"count":1,"href":"https:\/\/cgttenerife.org\/index.php?rest_route=\/wp\/v2\/posts\/899\/revisions"}],"predecessor-version":[{"id":2814,"href":"https:\/\/cgttenerife.org\/index.php?rest_route=\/wp\/v2\/posts\/899\/revisions\/2814"}],"wp:attachment":[{"href":"https:\/\/cgttenerife.org\/index.php?rest_route=%2Fwp%2Fv2%2Fmedia&parent=899"}],"wp:term":[{"taxonomy":"category","embeddable":true,"href":"https:\/\/cgttenerife.org\/index.php?rest_route=%2Fwp%2Fv2%2Fcategories&post=899"},{"taxonomy":"post_tag","embeddable":true,"href":"https:\/\/cgttenerife.org\/index.php?rest_route=%2Fwp%2Fv2%2Ftags&post=899"}],"curies":[{"name":"wp","href":"https:\/\/api.w.org\/{rel}","templated":true}]}}