{"id":889,"date":"2016-07-12T10:22:43","date_gmt":"2016-07-12T10:22:43","guid":{"rendered":"https:\/\/cgttenerife.wordpress.com\/?p=889"},"modified":"2023-01-29T14:42:58","modified_gmt":"2023-01-29T14:42:58","slug":"consulta-abogada-durante-los-de-meses-julio-y-agosto-no-se-pasaran","status":"publish","type":"post","link":"https:\/\/cgttenerife.org\/?p=889","title":{"rendered":"Consulta Abogada, durante los de meses Julio y Agosto no se pasar\u00e1n"},"content":{"rendered":"<p>Se les comunica que la consultor\u00eda de nuestra abogada permanecer\u00e1 cerrada durante lo que queda de este mes de julio y todo agosto. El 6 de septiembre se volver\u00e1n a pasar.<\/p>\n<p>En caso de urgencia llamar al\u00a0<span class=\"Estilo2\">636 91 32 51.<\/span><\/p>\n<p>Se les recuerda que para poder atenderles es necesario pedir cita previa al tel\u00e9fono citado, o al 922 65 30 29, y que se atender\u00e1 primeramente a la afiliaci\u00f3n.<\/p>\n<p>Salud<\/p>\n","protected":false},"excerpt":{"rendered":"<div class=\"mh-excerpt\"><p>Se les comunica que la consultor\u00eda de nuestra abogada permanecer\u00e1 cerrada durante lo que queda de este mes de julio y todo agosto. El 6 <a class=\"mh-excerpt-more\" href=\"https:\/\/cgttenerife.org\/?p=889\" title=\"Consulta Abogada, durante los de meses Julio y Agosto no se pasar\u00e1n\">[&#8230;]<\/a><\/p>\n<\/div>","protected":false},"author":1,"featured_media":0,"comment_status":"closed","ping_status":"closed","sticky":false,"template":"","format":"standard","meta":{"footnotes":""},"categories":[4],"tags":[],"class_list":["post-889","post","type-post","status-publish","format-standard","hentry","category-actualidad"],"_links":{"self":[{"href":"https:\/\/cgttenerife.org\/index.php?rest_route=\/wp\/v2\/posts\/889","targetHints":{"allow":["GET"]}}],"collection":[{"href":"https:\/\/cgttenerife.org\/index.php?rest_route=\/wp\/v2\/posts"}],"about":[{"href":"https:\/\/cgttenerife.org\/index.php?rest_route=\/wp\/v2\/types\/post"}],"author":[{"embeddable":true,"href":"https:\/\/cgttenerife.org\/index.php?rest_route=\/wp\/v2\/users\/1"}],"replies":[{"embeddable":true,"href":"https:\/\/cgttenerife.org\/index.php?rest_route=%2Fwp%2Fv2%2Fcomments&post=889"}],"version-history":[{"count":1,"href":"https:\/\/cgttenerife.org\/index.php?rest_route=\/wp\/v2\/posts\/889\/revisions"}],"predecessor-version":[{"id":2815,"href":"https:\/\/cgttenerife.org\/index.php?rest_route=\/wp\/v2\/posts\/889\/revisions\/2815"}],"wp:attachment":[{"href":"https:\/\/cgttenerife.org\/index.php?rest_route=%2Fwp%2Fv2%2Fmedia&parent=889"}],"wp:term":[{"taxonomy":"category","embeddable":true,"href":"https:\/\/cgttenerife.org\/index.php?rest_route=%2Fwp%2Fv2%2Fcategories&post=889"},{"taxonomy":"post_tag","embeddable":true,"href":"https:\/\/cgttenerife.org\/index.php?rest_route=%2Fwp%2Fv2%2Ftags&post=889"}],"curies":[{"name":"wp","href":"https:\/\/api.w.org\/{rel}","templated":true}]}}