{"id":859,"date":"2016-05-18T11:08:31","date_gmt":"2016-05-18T11:08:31","guid":{"rendered":"https:\/\/cgttenerife.wordpress.com\/?p=859"},"modified":"2023-01-29T14:42:59","modified_gmt":"2023-01-29T14:42:59","slug":"la-cgt-de-tenerife-pide-la-revocacion-del-tribunal-de-oposiciones-de-auxiliar-administrativo-al-servicio-cana-rio-de-salud","status":"publish","type":"post","link":"https:\/\/cgttenerife.org\/?p=859","title":{"rendered":"La CGT de Tenerife pide la revocaci\u00f3n del Tribunal de oposiciones de Auxiliar Administrativo al Servicio Cana-rio de Salud"},"content":{"rendered":"<p style=\"text-align:justify;\">OPOSICIONES SCS<\/p>\n<p style=\"text-align:justify;\">La CGT de Tenerife pide la revocaci\u00f3n del Tribunal de oposiciones de Auxiliar Administrativo al Servicio Canario de Salud<\/p>\n<p style=\"text-align:justify;\">Santa Cruz de Tenerife a 18 de mayo de 2016:<\/p>\n<p style=\"text-align:justify;\">Desde CGT Tenerife queremos mostrar nuestro apoyo a todas las personas que en los \u00faltimos a\u00f1os se han preparado las pruebas para auxiliar administrativo del SCS, para buscar un futuro laboral mejor y que se han encontrado con una aut\u00e9ntica tomadura de pelo a la hora de realizar la prueba.<\/p>\n<p style=\"text-align:justify;\">En CGT no entendemos como, por ejemplo, el Tribunal haya pasado por alto errores en la redacci\u00f3n de las preguntas que hac\u00edan dif\u00edcilmente comprensible las mismas, o como han metido preguntas que nada ten\u00edan que ver con el temario requerido a las personas que optaban a las plazas que se ofertaban.<\/p>\n<p style=\"text-align:justify;\">Adem\u00e1s, se han detectado que respuestas supuestamente correctas var\u00edan de un modelo a otro y que se han dado por buenas otras respuestas manifiestamente err\u00f3neas; donde la correcta no se encuentra entre las cuatro alternativas, etc\u2026<\/p>\n<p style=\"text-align:justify;\">Es por ello que \u00e9sta central sindical exige al Gobierno de Canarias y al SCS la revocaci\u00f3n del Tribunal y la impugnaci\u00f3n de la prueba para que se subsanen unos errores que han levantado ampollas en todo el archipi\u00e9lago<\/p>\n<p style=\"text-align:justify;\">CGT TENERIFE<\/p>\n","protected":false},"excerpt":{"rendered":"<div class=\"mh-excerpt\"><p>OPOSICIONES SCS La CGT de Tenerife pide la revocaci\u00f3n del Tribunal de oposiciones de Auxiliar Administrativo al Servicio Canario de Salud Santa Cruz de Tenerife <a class=\"mh-excerpt-more\" href=\"https:\/\/cgttenerife.org\/?p=859\" title=\"La CGT de Tenerife pide la revocaci\u00f3n del Tribunal de oposiciones de Auxiliar Administrativo al Servicio Cana-rio de Salud\">[&#8230;]<\/a><\/p>\n<\/div>","protected":false},"author":1,"featured_media":0,"comment_status":"closed","ping_status":"closed","sticky":false,"template":"","format":"gallery","meta":{"footnotes":""},"categories":[4,6],"tags":[],"class_list":["post-859","post","type-post","status-publish","format-gallery","hentry","category-actualidad","category-comunicados","post_format-post-format-gallery"],"_links":{"self":[{"href":"https:\/\/cgttenerife.org\/index.php?rest_route=\/wp\/v2\/posts\/859","targetHints":{"allow":["GET"]}}],"collection":[{"href":"https:\/\/cgttenerife.org\/index.php?rest_route=\/wp\/v2\/posts"}],"about":[{"href":"https:\/\/cgttenerife.org\/index.php?rest_route=\/wp\/v2\/types\/post"}],"author":[{"embeddable":true,"href":"https:\/\/cgttenerife.org\/index.php?rest_route=\/wp\/v2\/users\/1"}],"replies":[{"embeddable":true,"href":"https:\/\/cgttenerife.org\/index.php?rest_route=%2Fwp%2Fv2%2Fcomments&post=859"}],"version-history":[{"count":1,"href":"https:\/\/cgttenerife.org\/index.php?rest_route=\/wp\/v2\/posts\/859\/revisions"}],"predecessor-version":[{"id":2819,"href":"https:\/\/cgttenerife.org\/index.php?rest_route=\/wp\/v2\/posts\/859\/revisions\/2819"}],"wp:attachment":[{"href":"https:\/\/cgttenerife.org\/index.php?rest_route=%2Fwp%2Fv2%2Fmedia&parent=859"}],"wp:term":[{"taxonomy":"category","embeddable":true,"href":"https:\/\/cgttenerife.org\/index.php?rest_route=%2Fwp%2Fv2%2Fcategories&post=859"},{"taxonomy":"post_tag","embeddable":true,"href":"https:\/\/cgttenerife.org\/index.php?rest_route=%2Fwp%2Fv2%2Ftags&post=859"}],"curies":[{"name":"wp","href":"https:\/\/api.w.org\/{rel}","templated":true}]}}