{"id":850,"date":"2016-05-12T11:08:58","date_gmt":"2016-05-12T11:08:58","guid":{"rendered":"https:\/\/cgttenerife.wordpress.com\/?p=850"},"modified":"2023-01-29T14:42:59","modified_gmt":"2023-01-29T14:42:59","slug":"tres-miradas-criticas-sobre-el-ttip-la-laguna-16-17-y-20-mayo","status":"publish","type":"post","link":"https:\/\/cgttenerife.org\/?p=850","title":{"rendered":"Tres m\u00edradas cr\u00edticas sobre el TTIP, La Laguna 16, 17 y 20 mayo"},"content":{"rendered":"<div>\n<p>El grupo de trabajo &#8216;PalcarajoTTIP&#8217;, del que forma parte activa CGT, organiza unas jornadas en la La Laguna sobre los tratados de libre comercio que la Uni\u00f3n Europea est\u00e1 negociando, en especial del TTIP con EEUU, y cuyos efectos suponen un peligro para los derechos de las personas que habitamos en este espacio econ\u00f3mico.<\/p>\n<p>Visiones cr\u00edticas sobre diversos aspectos como son la amenaza que supone para la soberan\u00eda de los estados involucrados, el impacto sobre la ecolog\u00eda, nuestra alimentaci\u00f3n o los derechos sociales, en especial los de las mujeres.<\/p>\n<p>Se contar\u00e1 con la presencia de Ram\u00f3n P. Yelo de Ecologistas en Acci\u00f3n, quien estar\u00e1 el lunes 16 en la Plaza de la Concepci\u00f3n, a partir de las 18h30m con la charla &#8216;TTIP: la amenaza global asalta lo local&#8217;. A continuaci\u00f3n el grupo &#8216;Teatromundo&#8217; representar\u00e1 la pieza teatral &#8216;TTIP. Te Timan y Punto&#8217;, una obra pensada para explicar de modo ameno algunas de las caracter\u00edsticas clave y las consecuencias que tendr\u00e1 el TTIP para quienes viven en Canarias.<\/p>\n<p>El martes 17, Carlos Taibo, profesor de Ciencia Pol\u00edtica de la UAM y escritor hablar\u00e1 sobre el impacto del TTIP en nuestras vidas. Ser\u00e1 en el Colegio Mayor San Fernando a partir de las 19h.<\/p>\n<p>Las jornadas se completar\u00e1n el viernes 20 con la presencia de Carmen Murias del Movimiento Feminista, miembro de las &#8216;Marchas Internacionales de 6000 Mujeres&#8217; y activista contra el TTIP que a las 19h y en el Colegio Mayor San Fernando expondr\u00e1 una visi\u00f3n feminista de los tratados de libre comercio, en especial del TTIP.<\/p>\n<p>El Grupo de Trabajo &#8216;PalcarajoTTIP&#8217; est\u00e1 formado por personas, colectivos y organizaciones que plantean una visi\u00f3n cr\u00edtica sobre el TTIP, CETA y TISA, tres tratados que involucran a la UE y que pretenden consolidar el poder de las multinacionales sobre nuestras vidas, en detrimento de los derechos de las personas y la ecolog\u00eda.<\/p>\n<\/div>\n<p>Les esperamos.<\/p>\n<p><img loading=\"lazy\" decoding=\"async\" class=\"alignnone size-full wp-image-854\" src=\"https:\/\/cgttenerife.files.wordpress.com\/2016\/05\/cartel-ttip-definitivo_w.jpg\" alt=\"Cartel TTIP definitivo_w\" width=\"3409\" height=\"2463\" \/><\/p>\n<p style=\"text-align:justify;\">\n<div><\/div>\n<p>https:\/\/www.facebook.com\/1548249468824786\/videos\/1608748976108168\/<\/p>\n","protected":false},"excerpt":{"rendered":"<div class=\"mh-excerpt\"><p>El grupo de trabajo &#8216;PalcarajoTTIP&#8217;, del que forma parte activa CGT, organiza unas jornadas en la La Laguna sobre los tratados de libre comercio que <a class=\"mh-excerpt-more\" href=\"https:\/\/cgttenerife.org\/?p=850\" title=\"Tres m\u00edradas cr\u00edticas sobre el TTIP, La Laguna 16, 17 y 20 mayo\">[&#8230;]<\/a><\/p>\n<\/div>","protected":false},"author":1,"featured_media":0,"comment_status":"closed","ping_status":"closed","sticky":false,"template":"","format":"gallery","meta":{"footnotes":""},"categories":[4,9],"tags":[],"class_list":["post-850","post","type-post","status-publish","format-gallery","hentry","category-actualidad","category-eventos","post_format-post-format-gallery"],"_links":{"self":[{"href":"https:\/\/cgttenerife.org\/index.php?rest_route=\/wp\/v2\/posts\/850","targetHints":{"allow":["GET"]}}],"collection":[{"href":"https:\/\/cgttenerife.org\/index.php?rest_route=\/wp\/v2\/posts"}],"about":[{"href":"https:\/\/cgttenerife.org\/index.php?rest_route=\/wp\/v2\/types\/post"}],"author":[{"embeddable":true,"href":"https:\/\/cgttenerife.org\/index.php?rest_route=\/wp\/v2\/users\/1"}],"replies":[{"embeddable":true,"href":"https:\/\/cgttenerife.org\/index.php?rest_route=%2Fwp%2Fv2%2Fcomments&post=850"}],"version-history":[{"count":1,"href":"https:\/\/cgttenerife.org\/index.php?rest_route=\/wp\/v2\/posts\/850\/revisions"}],"predecessor-version":[{"id":2821,"href":"https:\/\/cgttenerife.org\/index.php?rest_route=\/wp\/v2\/posts\/850\/revisions\/2821"}],"wp:attachment":[{"href":"https:\/\/cgttenerife.org\/index.php?rest_route=%2Fwp%2Fv2%2Fmedia&parent=850"}],"wp:term":[{"taxonomy":"category","embeddable":true,"href":"https:\/\/cgttenerife.org\/index.php?rest_route=%2Fwp%2Fv2%2Fcategories&post=850"},{"taxonomy":"post_tag","embeddable":true,"href":"https:\/\/cgttenerife.org\/index.php?rest_route=%2Fwp%2Fv2%2Ftags&post=850"}],"curies":[{"name":"wp","href":"https:\/\/api.w.org\/{rel}","templated":true}]}}