{"id":848,"date":"2016-05-10T09:57:24","date_gmt":"2016-05-10T09:57:24","guid":{"rendered":"https:\/\/cgttenerife.wordpress.com\/?p=848"},"modified":"2023-01-29T14:42:59","modified_gmt":"2023-01-29T14:42:59","slug":"martes-11-de-mayo-concentracion-por-una-mocion-para-la-mejora-de-las-condiciones-laborales-de-las-interpretes-de-lengua-de-signos","status":"publish","type":"post","link":"https:\/\/cgttenerife.org\/?p=848","title":{"rendered":"Martes 11 de mayo, Concentraci\u00f3n por una Moci\u00f3n para la Mejora de las Condiciones Laborales de las Int\u00e9rpretes de Lengua de Signos"},"content":{"rendered":"<p style=\"text-align:justify;\">Compartimos la convocatoria de Acailse, y nuestro apoyo a la personas int\u00e9rpretes de lengua de signos.<\/p>\n<p style=\"text-align:justify;\">El 11 de mayo, a las 16:00 Concentraci\u00f3n frente al Ayuntamiento de La Laguna por una Moci\u00f3n para la Mejora de las Condiciones Laborales de las Int\u00e9rpretes de Lengua de Signos.<\/p>\n<p style=\"text-align:justify;\">Que pedimos?<\/p>\n<p style=\"text-align:justify;\">Que el Ayuntamiento de la Laguna inste a la Consejer\u00eda de Educaci\u00f3n a que se cree, dentro del \u00e1mbito de aplicaci\u00f3n del Convenio Colectivo para el personal laboral de la propia consejer\u00eda, la categor\u00eda profesional de las int\u00e9rpretes de lengua de signos, Grupo III.<\/p>\n<p style=\"text-align:justify;\">Que el Ayuntamiento de la Laguna inste a la Universidad de La Laguna a mantener una reuni\u00f3n con el colectivo profesional de int\u00e9rpretes, antes de la finalizaci\u00f3n del actual curso escolar, para el an\u00e1lisis de \u00a0la situaci\u00f3n y la b\u00fasqueda del di\u00e1logo para la mejora del funcionamiento del servicio de interpretaci\u00f3n en la Universidad, con la mediaci\u00f3n del Ayuntamiento de La Laguna.<\/p>\n<p style=\"text-align:justify;\">Que el Ayuntamiento de la Laguna inste al Gobierno de Canarias, a trav\u00e9s de la Consejer\u00eda de Educaci\u00f3n, a la realizaci\u00f3n de las actuaciones oportunas para que por parte de la Universidad de La Laguna se pongan los medios necesarios para la soluci\u00f3n inmediata del conflicto laboral actual y situaci\u00f3n futura, aconsejando que se tenga en cuenta la opini\u00f3n experta del colectivo de profesionales.<\/p>\n<p style=\"text-align:justify;\">#StopPrecariedadaboralIls<\/p>\n<p style=\"text-align:justify;\">\n<p>&nbsp;<\/p>\n<p>&nbsp;<\/p>\n","protected":false},"excerpt":{"rendered":"<div class=\"mh-excerpt\"><p>Compartimos la convocatoria de Acailse, y nuestro apoyo a la personas int\u00e9rpretes de lengua de signos. El 11 de mayo, a las 16:00 Concentraci\u00f3n frente <a class=\"mh-excerpt-more\" href=\"https:\/\/cgttenerife.org\/?p=848\" title=\"Martes 11 de mayo, Concentraci\u00f3n por una Moci\u00f3n para la Mejora de las Condiciones Laborales de las Int\u00e9rpretes de Lengua de Signos\">[&#8230;]<\/a><\/p>\n<\/div>","protected":false},"author":1,"featured_media":0,"comment_status":"closed","ping_status":"closed","sticky":false,"template":"","format":"gallery","meta":{"footnotes":""},"categories":[4,9],"tags":[],"class_list":["post-848","post","type-post","status-publish","format-gallery","hentry","category-actualidad","category-eventos","post_format-post-format-gallery"],"_links":{"self":[{"href":"https:\/\/cgttenerife.org\/index.php?rest_route=\/wp\/v2\/posts\/848","targetHints":{"allow":["GET"]}}],"collection":[{"href":"https:\/\/cgttenerife.org\/index.php?rest_route=\/wp\/v2\/posts"}],"about":[{"href":"https:\/\/cgttenerife.org\/index.php?rest_route=\/wp\/v2\/types\/post"}],"author":[{"embeddable":true,"href":"https:\/\/cgttenerife.org\/index.php?rest_route=\/wp\/v2\/users\/1"}],"replies":[{"embeddable":true,"href":"https:\/\/cgttenerife.org\/index.php?rest_route=%2Fwp%2Fv2%2Fcomments&post=848"}],"version-history":[{"count":1,"href":"https:\/\/cgttenerife.org\/index.php?rest_route=\/wp\/v2\/posts\/848\/revisions"}],"predecessor-version":[{"id":2822,"href":"https:\/\/cgttenerife.org\/index.php?rest_route=\/wp\/v2\/posts\/848\/revisions\/2822"}],"wp:attachment":[{"href":"https:\/\/cgttenerife.org\/index.php?rest_route=%2Fwp%2Fv2%2Fmedia&parent=848"}],"wp:term":[{"taxonomy":"category","embeddable":true,"href":"https:\/\/cgttenerife.org\/index.php?rest_route=%2Fwp%2Fv2%2Fcategories&post=848"},{"taxonomy":"post_tag","embeddable":true,"href":"https:\/\/cgttenerife.org\/index.php?rest_route=%2Fwp%2Fv2%2Ftags&post=848"}],"curies":[{"name":"wp","href":"https:\/\/api.w.org\/{rel}","templated":true}]}}