{"id":833,"date":"2016-04-28T09:42:20","date_gmt":"2016-04-28T09:42:20","guid":{"rendered":"https:\/\/cgttenerife.wordpress.com\/?p=833"},"modified":"2023-01-29T14:42:59","modified_gmt":"2023-01-29T14:42:59","slug":"cgt-tenerife-convoca-el-1o-de-mayo-en-san-isidro-granadilla","status":"publish","type":"post","link":"https:\/\/cgttenerife.org\/?p=833","title":{"rendered":"CGT Tenerife convoca el 1\u00ba de Mayo en San Isidro (Granadilla)"},"content":{"rendered":"<p>Hola a todxs, este 1\u00ba de mayo el Sindicato \u00danico de CGT en Tenerife estar\u00e1 de nuevo en la calle, tal como se acord\u00f3 en la 6asamblea de la afiliaci\u00f3n aprovecharemos esta fecha se\u00f1alada para inaugurar nuestro nuevo local en el sur de la isla, en San Isidro. Antes, a las 11 de la ma\u00f1ana est\u00e1 convocada una manifestaci\u00f3n rojinegra que partir\u00e1 de la Plaza de Toros\u00a0en Santa Cruz de Tenerife.<\/p>\n<p>A partir de las 13h les esperamos en nuestro nuevo local, en San Isidro, en la Calle Fray Luis de Le\u00f3n, 3. Oficina 5.<\/p>\n<p>http:\/\/www.vpike.com\/?place=Calle+Fray+Luis+de+Le%C3%B3n%2C+3+granadilla&#038;submit=Street+View&#038;r=e<\/p>\n<p>Tendremos viandas para compartir y algo de m\u00fasica, ser\u00e1n bienvenidas.<\/p>\n<p>Para cualquier consulta relacionada con el nuevo local:<\/p>\n<p>Tel\u00e9fono provisional: 922 65 30 29<\/p>\n<p>E-mail: \u00a0 \u00a0 \u00a0jlespinosa.cuenca@gmail.com \u00a0 \u00a0 \u00a0 \u00a0 \u00a0 \u00a0 \u00a0 \u00a0 \u00a0 \u00a0 \u00a0 \u00a0 \u00a0 \u00a0 \u00a0 \u00a0 \u00a0 \u00a0 \u00a0 \u00a0 \u00a0 \u00a0 \u00a0 \u00a0 \u00a0 \u00a0 \u00a0 \u00a0 \u00a0 \u00a0 \u00a0 \u00a0 \u00a0 \u00a0 \u00a0 \u00a0 \u00a0 \u00a0 \u00a0 \u00a0 \u00a0 \u00a0 \u00a0 \u00a0 \u00a0 \u00a0 \u00a0 \u00a0 \u00a0 \u00a0 \u00a0 \u00a0 \u00a0 \u00a0 \u00a0 \u00a0 \u00a0 \u00a0 \u00a0 \u00a0 \u00a0 \u00a0 \u00a0 \u00a0 \u00a0 \u00a0 \u00a0 \u00a0 \u00a0 \u00a0 \u00a0 \u00a0 \u00a0 \u00a0 \u00a0 \u00a0 \u00a0 \u00a0 \u00a0 \u00a0 \u00a0 \u00a0 \u00a0 \u00a0 \u00a0 \u00a0 \u00a0 \u00a0 \u00a0 \u00a0 \u00a0 \u00a0 \u00a0 \u00a0 \u00a0 \u00a0 \u00a0 \u00a0 \u00a0 \u00a0 \u00a0 \u00a0 \u00a0 \u00a0 \u00a0 \u00a0 \u00a0 \u00a0 \u00a0 sp-sov@cgttenerife.org<\/p>\n<p>&nbsp;<\/p>\n<p><strong><u>Quienes Somos<\/u><\/strong><\/p>\n<p><strong>La <\/strong><strong>Confederaci\u00f3n General del Trabajo (CGT)<\/strong> es una organizaci\u00f3n sindical formada por personas que tratamos de cambiar una sociedad que no nos gusta por ser desigual, injusta, machista y autoritaria. Para ello trabajamos en muy diversos campos de lo cotidiano, desde el mundo laboral a lo social, luchando por reparar las injusticias que nos rodean y para transformar la sociedad.<\/p>\n<p>No somos las \u00fanicas personas dispuestas a cambiar las cosas a mejor, pero nos diferenciamos de otras en los medios para lograrlo, basados en una serie de principios comunes a la <strong>tradici\u00f3n libertaria<\/strong>:<\/p>\n<p>La <strong>autonom\u00eda<\/strong> es pensar y actuar conforme al criterio de que s\u00f3lo juntas y con independencia absoluta, las personas que trabajamos y nos sentimos explotadas podremos mejorar la situaci\u00f3n. Supone no tener vinculaci\u00f3n o dependencia de estructuras pol\u00edticas, econ\u00f3micas o religiosas, financi\u00e1ndonos exclusivamente a trav\u00e9s de las cuotas de la afiliaci\u00f3n.<\/p>\n<p><strong>Si nadie trabaja por ti, que nadie decida por ti<\/strong><\/p>\n<p><strong>Autogesti\u00f3n<\/strong> consiste en trabajar conjuntamente, decidir asambleariamente y poner en com\u00fan el esfuerzo comunitario. Los acuerdos de nuestro sindicato se toman en las asambleas de la afiliaci\u00f3n, d\u00f3nde cada persona tiene un voto, en CGT no hay ejecutivas. Tambi\u00e9n apoyamos y fomentamos todo movimiento asambleario de trabajadoras y trabajadores encaminado a conseguir mejoras laborales mediante la confrontaci\u00f3n con el empresaurio.<\/p>\n<p>Frente al individualismo que nos quiere imponer el capitalismo, practicamos y fomentamos la <strong>solidaridad <\/strong>y el <strong>apoyo mutuo<\/strong> entre quienes conformamos la CGT y lo hacemos extensible a las personas y colectivos con quienes compartimos la lucha por transformar la sociedad.<\/p>\n<p>Defendemos la <strong>acci\u00f3n directa<\/strong>, es decir, la resoluci\u00f3n de los conflictos que nos afectan por nuestros propios medios, de forma aut\u00f3noma (sin intermediaries) y autogestionada (partiendo de nuestros acuerdos y utilizando los medios a nuestro alcance).<\/p>\n<p>La CGT es m\u00e1s que un sindicato en el sentido que en nuestra lucha sindical introducimos reivindicaciones que van m\u00e1s all\u00e1 de lo laboral, conscientes que la explotaci\u00f3n capitalista, el autoritarismo y el patriarcado forman la base de la injusticia social.<\/p>\n<p>Si tienes un problema laboral o social, cuentas con nuestro <strong>apoyo<\/strong> y ponemos a tu disposici\u00f3n los medios del sindicato: la asesor\u00eda jur\u00eddica, infraestructura y medios materiales, nuestra experiencia en la lucha por los derechos sindicales y sociales y el acompa\u00f1amiento en el proceso.<\/p>\n<p><strong>CGT es una herramienta para la lucha y la defensa de nuestros derechos laborales<\/strong>, un sindicato organizado bajo el principio federalista e internacionalista, implicado tambi\u00e9n en las luchas por los derechos sociales (feministas, libertad de expresi\u00f3n, educaci\u00f3n, sanidad, vivienda, servicios sociales, ecolog\u00eda\u2026). Estamos en las empresas y tambi\u00e9n en la calle, porque <strong>creemos que otro mundo es posible y lo construimos d\u00eda a d\u00eda entre todas.<\/strong><\/p>\n<p>&nbsp;<\/p>\n","protected":false},"excerpt":{"rendered":"<div class=\"mh-excerpt\"><p>Hola a todxs, este 1\u00ba de mayo el Sindicato \u00danico de CGT en Tenerife estar\u00e1 de nuevo en la calle, tal como se acord\u00f3 en <a class=\"mh-excerpt-more\" href=\"https:\/\/cgttenerife.org\/?p=833\" title=\"CGT Tenerife convoca el 1\u00ba de Mayo en San Isidro (Granadilla)\">[&#8230;]<\/a><\/p>\n<\/div>","protected":false},"author":1,"featured_media":0,"comment_status":"closed","ping_status":"closed","sticky":false,"template":"","format":"gallery","meta":{"footnotes":""},"categories":[4,6,9],"tags":[],"class_list":["post-833","post","type-post","status-publish","format-gallery","hentry","category-actualidad","category-comunicados","category-eventos","post_format-post-format-gallery"],"_links":{"self":[{"href":"https:\/\/cgttenerife.org\/index.php?rest_route=\/wp\/v2\/posts\/833","targetHints":{"allow":["GET"]}}],"collection":[{"href":"https:\/\/cgttenerife.org\/index.php?rest_route=\/wp\/v2\/posts"}],"about":[{"href":"https:\/\/cgttenerife.org\/index.php?rest_route=\/wp\/v2\/types\/post"}],"author":[{"embeddable":true,"href":"https:\/\/cgttenerife.org\/index.php?rest_route=\/wp\/v2\/users\/1"}],"replies":[{"embeddable":true,"href":"https:\/\/cgttenerife.org\/index.php?rest_route=%2Fwp%2Fv2%2Fcomments&post=833"}],"version-history":[{"count":1,"href":"https:\/\/cgttenerife.org\/index.php?rest_route=\/wp\/v2\/posts\/833\/revisions"}],"predecessor-version":[{"id":2823,"href":"https:\/\/cgttenerife.org\/index.php?rest_route=\/wp\/v2\/posts\/833\/revisions\/2823"}],"wp:attachment":[{"href":"https:\/\/cgttenerife.org\/index.php?rest_route=%2Fwp%2Fv2%2Fmedia&parent=833"}],"wp:term":[{"taxonomy":"category","embeddable":true,"href":"https:\/\/cgttenerife.org\/index.php?rest_route=%2Fwp%2Fv2%2Fcategories&post=833"},{"taxonomy":"post_tag","embeddable":true,"href":"https:\/\/cgttenerife.org\/index.php?rest_route=%2Fwp%2Fv2%2Ftags&post=833"}],"curies":[{"name":"wp","href":"https:\/\/api.w.org\/{rel}","templated":true}]}}