{"id":827,"date":"2016-04-07T09:32:07","date_gmt":"2016-04-07T09:32:07","guid":{"rendered":"https:\/\/cgttenerife.wordpress.com\/?p=827"},"modified":"2023-01-29T14:42:59","modified_gmt":"2023-01-29T14:42:59","slug":"cgt-convoca-movilizaciones-en-el-sector-del-telemarketing","status":"publish","type":"post","link":"https:\/\/cgttenerife.org\/?p=827","title":{"rendered":"CGT convoca movilizaciones en el sector del Telemarketing"},"content":{"rendered":"<p style=\"text-align:justify;\">A toda la CGT:<\/p>\n<p>CGT va a convocar movilizaciones por la situaci\u00f3n paralizaci\u00f3n en la negociaci\u00f3n de convenio de sector del Telemarketing. Es muy importante darle la m\u00e1xima difusi\u00f3n a esta noticia. Estos paros se decidieron el pasado viernes 1 de Abril en una plenaria federal del Sector de Telemarketing de CGT.<\/p>\n<p>Pod\u00e9is descargar el comunicado que anuncia los paros desde el siguiente enlace:<\/p>\n<p><a href=\"https:\/\/www.cgt-telemarketing.es\/blog\/732-cgt-convoca-movilizaciones-en-el-sector-de-telemarketing.html\" target=\"_blank\" rel=\"noopener\">https:\/\/www.cgt-telemarketing.es\/blog\/732-cgt-convoca-movilizaciones-en-el-sector-de-telemarketing.html<\/a><\/p>\n<p>Rogamos que se suba el contenido de esta noticia en todas las p\u00e1ginas web de CGT.<\/p>\n<p>Tambi\u00e9n pod\u00e9is compartir la noticia del Facebook del sector del Telemarketing de CGT y pinchar en \u201cme gusta\u201d <a href=\"https:\/\/www.facebook.com\/cgttelemarketing\" target=\"_blank\" rel=\"noopener\">https:\/\/www.facebook.com\/cgttelemarketing<\/a><\/p>\n<p>Por \u00faltimo tambi\u00e9n pod\u00e9is retuitear la noticia desde el Twitter @cgttelem<\/p>\n<p>Por favor difundir este comunicado es muy importante que sea una noticia conocida.<br \/>\nSalud,<\/p>\n","protected":false},"excerpt":{"rendered":"<div class=\"mh-excerpt\"><p>A toda la CGT: CGT va a convocar movilizaciones por la situaci\u00f3n paralizaci\u00f3n en la negociaci\u00f3n de convenio de sector del Telemarketing. Es muy importante <a class=\"mh-excerpt-more\" href=\"https:\/\/cgttenerife.org\/?p=827\" title=\"CGT convoca movilizaciones en el sector del Telemarketing\">[&#8230;]<\/a><\/p>\n<\/div>","protected":false},"author":1,"featured_media":0,"comment_status":"closed","ping_status":"closed","sticky":false,"template":"","format":"gallery","meta":{"footnotes":""},"categories":[4,9],"tags":[],"class_list":["post-827","post","type-post","status-publish","format-gallery","hentry","category-actualidad","category-eventos","post_format-post-format-gallery"],"_links":{"self":[{"href":"https:\/\/cgttenerife.org\/index.php?rest_route=\/wp\/v2\/posts\/827","targetHints":{"allow":["GET"]}}],"collection":[{"href":"https:\/\/cgttenerife.org\/index.php?rest_route=\/wp\/v2\/posts"}],"about":[{"href":"https:\/\/cgttenerife.org\/index.php?rest_route=\/wp\/v2\/types\/post"}],"author":[{"embeddable":true,"href":"https:\/\/cgttenerife.org\/index.php?rest_route=\/wp\/v2\/users\/1"}],"replies":[{"embeddable":true,"href":"https:\/\/cgttenerife.org\/index.php?rest_route=%2Fwp%2Fv2%2Fcomments&post=827"}],"version-history":[{"count":1,"href":"https:\/\/cgttenerife.org\/index.php?rest_route=\/wp\/v2\/posts\/827\/revisions"}],"predecessor-version":[{"id":2826,"href":"https:\/\/cgttenerife.org\/index.php?rest_route=\/wp\/v2\/posts\/827\/revisions\/2826"}],"wp:attachment":[{"href":"https:\/\/cgttenerife.org\/index.php?rest_route=%2Fwp%2Fv2%2Fmedia&parent=827"}],"wp:term":[{"taxonomy":"category","embeddable":true,"href":"https:\/\/cgttenerife.org\/index.php?rest_route=%2Fwp%2Fv2%2Fcategories&post=827"},{"taxonomy":"post_tag","embeddable":true,"href":"https:\/\/cgttenerife.org\/index.php?rest_route=%2Fwp%2Fv2%2Ftags&post=827"}],"curies":[{"name":"wp","href":"https:\/\/api.w.org\/{rel}","templated":true}]}}