{"id":815,"date":"2016-04-05T09:07:05","date_gmt":"2016-04-05T09:07:05","guid":{"rendered":"https:\/\/cgttenerife.wordpress.com\/?p=815"},"modified":"2023-01-29T14:43:00","modified_gmt":"2023-01-29T14:43:00","slug":"desalojo-del-c-s-o-taucho","status":"publish","type":"post","link":"https:\/\/cgttenerife.org\/?p=815","title":{"rendered":"Desalojo del C.S.O. Taucho"},"content":{"rendered":"<p><img loading=\"lazy\" decoding=\"async\" class=\"alignnone size-full wp-image-817\" src=\"https:\/\/cgttenerife.files.wordpress.com\/2016\/04\/12472291_1070010553037686_7603945760570858645_n.jpg\" alt=\"12472291_1070010553037686_7603945760570858645_n\" width=\"495\" height=\"700\" \/><\/p>\n<p>Desde la asamblea permanente del C.S.O. Taucho, convocamos a todas las personas, grupos y colectivos a participar en la asamblea urgente contra el desalojo que tendr\u00e1 lugar esta tarde, del lunes 4 abril, a partir de las 18.30 de la tarde en el mismo espacio, para plantearnos como enfrentarnos a este nuevo ataque a un espacio social que ya es de todas.<\/p>\n<p dir=\"ltr\">Ma\u00f1ana por la ma\u00f1ana vendr\u00e1n las \u00abautoridades\u00bb y los abogados y representantes Tesorer\u00eda General de la Seguridad Social de la Seguridad social, con la intenci\u00f3n de acabar de un plumazo con este espacio okupado por m\u00e1s de 20 a\u00f1os y que cumple una importante labor social en santa cruz de Tenerife.<\/p>\n<p dir=\"ltr\">El C.S.O Taucho es de todas y no vamos a permirtir que se nos expulse.<\/p>\n<p dir=\"ltr\">Y T\u00da \u00bfLO VAS A PERMITIR?<\/p>\n<p dir=\"ltr\">Asiste a la asamblea y apoya la supervivencia de este espacio.<\/p>\n<p dir=\"ltr\">CSO TAUCHO, C\/ General Serrano, n\u00ba 64.<br \/>\nTranv\u00eda: Plaza La Paz.<br \/>\nBarrio Duggi. (El Monturrio)<br \/>\nSanta Cruz de Tenerife.<\/p>\n","protected":false},"excerpt":{"rendered":"<div class=\"mh-excerpt\"><p>Desde la asamblea permanente del C.S.O. Taucho, convocamos a todas las personas, grupos y colectivos a participar en la asamblea urgente contra el desalojo que <a class=\"mh-excerpt-more\" href=\"https:\/\/cgttenerife.org\/?p=815\" title=\"Desalojo del C.S.O. Taucho\">[&#8230;]<\/a><\/p>\n<\/div>","protected":false},"author":1,"featured_media":0,"comment_status":"closed","ping_status":"closed","sticky":false,"template":"","format":"gallery","meta":{"footnotes":""},"categories":[4,6,9],"tags":[],"class_list":["post-815","post","type-post","status-publish","format-gallery","hentry","category-actualidad","category-comunicados","category-eventos","post_format-post-format-gallery"],"_links":{"self":[{"href":"https:\/\/cgttenerife.org\/index.php?rest_route=\/wp\/v2\/posts\/815","targetHints":{"allow":["GET"]}}],"collection":[{"href":"https:\/\/cgttenerife.org\/index.php?rest_route=\/wp\/v2\/posts"}],"about":[{"href":"https:\/\/cgttenerife.org\/index.php?rest_route=\/wp\/v2\/types\/post"}],"author":[{"embeddable":true,"href":"https:\/\/cgttenerife.org\/index.php?rest_route=\/wp\/v2\/users\/1"}],"replies":[{"embeddable":true,"href":"https:\/\/cgttenerife.org\/index.php?rest_route=%2Fwp%2Fv2%2Fcomments&post=815"}],"version-history":[{"count":1,"href":"https:\/\/cgttenerife.org\/index.php?rest_route=\/wp\/v2\/posts\/815\/revisions"}],"predecessor-version":[{"id":2829,"href":"https:\/\/cgttenerife.org\/index.php?rest_route=\/wp\/v2\/posts\/815\/revisions\/2829"}],"wp:attachment":[{"href":"https:\/\/cgttenerife.org\/index.php?rest_route=%2Fwp%2Fv2%2Fmedia&parent=815"}],"wp:term":[{"taxonomy":"category","embeddable":true,"href":"https:\/\/cgttenerife.org\/index.php?rest_route=%2Fwp%2Fv2%2Fcategories&post=815"},{"taxonomy":"post_tag","embeddable":true,"href":"https:\/\/cgttenerife.org\/index.php?rest_route=%2Fwp%2Fv2%2Ftags&post=815"}],"curies":[{"name":"wp","href":"https:\/\/api.w.org\/{rel}","templated":true}]}}