{"id":8,"date":"2014-07-10T16:03:57","date_gmt":"2014-07-10T16:03:57","guid":{"rendered":"http:\/\/cgttenerife.wordpress.com\/?p=8"},"modified":"2023-01-29T14:43:06","modified_gmt":"2023-01-29T14:43:06","slug":"comunicado-rechazo-a-la-criminalizacion-de-los-movimientos-sociales-de-la-izquierda-en-canarias","status":"publish","type":"post","link":"https:\/\/cgttenerife.org\/?p=8","title":{"rendered":"COMUNICADO: Rechazo a la criminalizaci\u00f3n de los movimientos sociales de la izquierda en Canarias"},"content":{"rendered":"<p style=\"text-align:justify;\"><a href=\"https:\/\/cgttenerife.files.wordpress.com\/2014\/07\/foto-rueda-de-prensa.jpg\"><img loading=\"lazy\" decoding=\"async\" class=\"alignleft size-medium wp-image-9\" src=\"http:\/\/cgttenerife.files.wordpress.com\/2014\/07\/foto-rueda-de-prensa.jpg?w=300\" alt=\"foto-rueda-de-prensa\" width=\"300\" height=\"161\" \/><\/a>Ante las detenciones de cinco personas pertenecientes a distintos colectivos sociales, sindicales y pol\u00edticos el pasado 26 de junio, desde diversas organizaciones queremos mostrar nuestro apoyo a los compa\u00f1eros y nuestro total rechazo a la desmesurada actuaci\u00f3n del Cuerpo Nacional de Polic\u00eda, as\u00ed como a la campa\u00f1a de manipulaci\u00f3n medi\u00e1tica llevada a cabo por ciertos periodistas y medios de comunicaci\u00f3n, especialmente por el grupo Prensa Ib\u00e9rica, representado en las Islas por la Opini\u00f3n de Tenerife y el peri\u00f3dico La Provincia.<\/p>\n<p style=\"text-align:justify;\">La \u2018Operaci\u00f3n Carrete\u2019, cuyo ostentoso nombre intenta magnificar la actuaci\u00f3n policial, pretende criminalizar los movimientos sociales de la izquierda de Tenerife, al afirmar que hay personas infiltradas que en realidad pertenecen a grupos radicales, pero que act\u00faan a trav\u00e9s de organizaciones legales. Con ello lo que se intenta, desde el Cuerpo Nacional de Polic\u00eda, es desintegrar a estos movimientos para reducir la presi\u00f3n social que suponen ante ciertos temas como, en este caso, las prospecciones petrol\u00edferas o el desalojo del Centro Social Ocupado Taucho.<\/p>\n<p style=\"text-align:justify;\">Ante esto, mostramos nuestro rechazo conjunto a la actuaci\u00f3n policial, ya que es totalmente falso que los j\u00f3venes detenidos pertenezcan a ning\u00fan grupo oculto ni violento. Pertenecen a diversas organizaciones y acudieron a la manifestaci\u00f3n del pasado 7 de junio en contra de las prospecciones a t\u00edtulo individual.<\/p>\n<p style=\"text-align:justify;\">La represi\u00f3n que sufrimos, al contrario de lo pretendido, se ha convertido en una lucha conjunta m\u00e1s dentro de los movimientos sociales de Canarias, pues \u201cSi nos tocan a una, nos tocan a todas\u201d. Con las detenciones no van a lograr desintegrarnos ni debilitarnos. Esta lucha nos une m\u00e1s.<\/p>\n<p style=\"text-align:justify;\">Ante lo sucedido, las organizaciones y colectivos abajo firmantes queremos manifestar lo siguiente:<\/p>\n<p style=\"text-align:justify;\">1) Respecto a los hechos, se ha hablado de agresiones a una fot\u00f3grafa, patadas mientras estaba en el suelo, ruptura de su equipo fotogr\u00e1fico\u2026 Sin embargo, contamos con numerosos testigos e incluso con pruebas gr\u00e1ficas que demuestran que, efectivamente, hubo algunos gritos por parte de unas y otras, como se puede apreciar en el propio v\u00eddeo que a\u00fan permanece en la edici\u00f3n digital de La Opini\u00f3n, pero que en ning\u00fan momento existe agresi\u00f3n alguna y que durante la discusi\u00f3n a la fot\u00f3grafa se le cae su c\u00e1mara, nadie se la tira ni se la destroza.<\/p>\n<p style=\"text-align:justify;\">2) Respecto a las detenciones de nuestros compa\u00f1eros, queremos manifestar nuestro m\u00e1s absoluto rechazo ante la injustificable actuaci\u00f3n policial. El Cuerpo Nacional de Polic\u00eda utiliz\u00f3 medios desproporcionados con el \u00fanico fin de amedrentar a los j\u00f3venes: polic\u00edas de paisano, coches camuflados, pasamonta\u00f1as\u2026 Los detuvieron a primera hora de la ma\u00f1ana y permanecieron en dependencias policiales hasta las 18.30 horas. Es incomprensible el despliegue utilizado para detenerlos, m\u00e1s a\u00fan si tenemos en cuenta que, finalmente, ni siquiera fueron puestos a disposici\u00f3n judicial, quedando en libertad a espera de ser citados a declarar en Juzgados. El despliegue responde, por tanto, al intento de criminalizar los movimientos sociales y atemorizar a sus activistas.<\/p>\n<p style=\"text-align:justify;\">3) Queremos mostrar nuestro m\u00e1s absoluto rechazo al p\u00e9simo tratamiento informativo que tuvo la noticia en distintos medios de comunicaci\u00f3n, ya que se limitaron a difundir el comunicado de la Polic\u00eda Nacional sin tener en cuenta la versi\u00f3n de los detenidos ni de los movimientos sociales. Seg\u00fan dicho comunicado, se trataba de un \u201cgrupo de j\u00f3venes radicales\u201d, siendo una aberraci\u00f3n considerarlo grupo cuando varios de los detenidos ni se conoc\u00edan entre s\u00ed. Adem\u00e1s, en el mismo comunicado se les relaciona con organizaciones como el 15-M o Taucho, cuando precisamente el movimiento 15-M se ha caracterizado por ser pacifista y Taucho no ha hecho m\u00e1s que recabar apoyos tras el anuncio del desalojo. Nos llama la atenci\u00f3n que estos dos temas hayan sido ampliamente tratados por los medios y que posteriormente hagan esas afirmaciones sin titubeos porque as\u00ed aparece en el comunicado de la Jefatura Superior de Polic\u00eda de Canarias. Desde aqu\u00ed aprovechamos la ocasi\u00f3n para reclamar una rectificaci\u00f3n a los medios que publicaron la noticia, por estas afirmaciones de desprestigio de los movimientos sociales.<\/p>\n<p style=\"text-align:justify;\">4) Por \u00faltimo, nos parece pat\u00e9tico el tratamiento de la informaci\u00f3n de un medio en particular, La Opini\u00f3n de Tenerife, que parece afanado en criminalizar las organizaciones cr\u00edticas con el actual sistema. Tanto de forma previa a las detenciones como con posterioridad, se han venido vertiendo falsas acusaciones sin justificaci\u00f3n ni prueba alguna. El peri\u00f3dico ofrece una explicaci\u00f3n de los hechos que no se corresponde con la realidad, no tiene en cuenta la versi\u00f3n de los detenidos y, a\u00fan m\u00e1s grave, los se\u00f1ala con nombres y apellidos, dando por sentada su culpabilidad sin haberse celebrado a\u00fan juicio alguno.<\/p>\n<p style=\"text-align:justify;\">Los \u201cperiodistas\u201d que tratan la informaci\u00f3n, Miguel \u00c1ngel Autero \u2013marido de la fot\u00f3grafa- y Antonio Herrero V\u00e1zquez, en connivencia con la Polic\u00eda Nacional y presumiendo de tenerla como fuente al igual que a la Guardia Civil, parecen tener la clara intenci\u00f3n de desprestigiar a las organizaciones sociales y difunden informaciones falsas para desacreditar su trabajo en defensa de los derechos sociales.<\/p>\n<p style=\"text-align:justify;\">La publicaci\u00f3n de sus nombres es un atentado grave contra el derecho al honor, al no respetar la presunci\u00f3n de inocencia. Ni siquiera utilizan el adjetivo \u201cpresunto\u201d, sino que los califica de agresores y de grupo violento. Adem\u00e1s, les imputan hechos delictivos que no se corresponden con la realidad o los relacionan con organizaciones legales a las que nunca han pertenecido. Ante estas acusaciones, recordamos adem\u00e1s que ninguno de los detenidos cuenta con antecedentes penales.<\/p>\n<p style=\"text-align:justify;\">Adem\u00e1s, se les acusa de pertenecer a una \u201cmarca blanca\u201d, una supuesta organizaci\u00f3n violenta y oculta, que act\u00faa en nombre de organizaciones legales, y que no es m\u00e1s que una burda invenci\u00f3n policial y medi\u00e1tica. De hecho, en una reciente entrevista del marido de la fot\u00f3grafa, el Sr. Autero, al ministro del Interior, Jorge Fern\u00e1ndez (publicado en La Opini\u00f3n, 6\/07\/14), el \u201cperiodista\u201d le pregunta reiteradamente por el supuesto \u201caumento del radicalismo\u201d en Canarias en relaci\u00f3n con lo acontecido en la manifestaci\u00f3n, en un nuevo intento de criminalizar la protesta social. Incluso al ministro le pareci\u00f3 excesivo, negando la existencia de grupos violentos en las Islas.<\/p>\n<p style=\"text-align:justify;\">El peri\u00f3dico ya ha sido notificado para que rectifique la informaci\u00f3n, aunque consideramos esta medida insuficiente, ya que estos periodistas tienen la evidente intencionalidad de perjudicar nuestras iniciativas y deber\u00edan ser apercibidos por ello. De hecho, estamos estudiando futuras acciones legales.<\/p>\n<p style=\"text-align:justify;\">5) Entendemos que estos art\u00edculos responden a una amplia campa\u00f1a de criminalizaci\u00f3n de los movimientos sociales, por parte de Prensa Ib\u00e9rica y la Jefatura Superior de Polic\u00eda de Canarias. Adem\u00e1s, dicha campa\u00f1a no se circunscribe \u00fanicamente a este suceso, sino a otras protestas que se han sucedido en las Islas (protesta de Telde contra Soria, manifestaciones contra Wert en La Laguna\u2026).<\/p>\n<p style=\"text-align:justify;\">Esta intencionalidad quedaba clara en el peri\u00f3dico La Provincia-Diario de Las Palmas, del pasado 13 de junio, donde se afirma que la Jefatura Superior de Polic\u00eda de Canarias investiga la presencia de anarquistas violentos en Canarias, indagaciones que s\u00f3lo persiguen el desprestigio p\u00fablico y la p\u00e9rdida de apoyo social de las organizaciones, ya que, como hemos visto, incluso el ministro desmiente las afirmaciones de sus subalternos en Canarias.<\/p>\n<p style=\"text-align:justify;\">6) Afirmamos que estas campa\u00f1as de persecuci\u00f3n pol\u00edtica, represi\u00f3n jur\u00eddico-policial y criminalizaci\u00f3n medi\u00e1tica, persiguen un objetivo muy claro: desviar la atenci\u00f3n de los verdaderos problemas sociopol\u00edticos de Canarias y buscar culpables ajenos de las responsabilidades propias.<\/p>\n<p style=\"text-align:justify;\">Por todas estas cuestiones, consideramos que la Operaci\u00f3n Carrete tiene el \u00fanico objetivo de criminalizar y desprestigiar el trabajo de los movimientos sociales. Ante la opini\u00f3n claramente favorable del pueblo a apoyar nuestras iniciativas, al poder s\u00f3lo le ha quedado una salida: atemorizar a nuestros activistas, utilizar medios excesivos para amedrentarlas, intentar dividir a las organizaciones y difundir una imagen negativa de los colectivos sociales.<\/p>\n<p style=\"text-align:justify;\">La Operaci\u00f3n Carrete es s\u00f3lo un cap\u00edtulo m\u00e1s dentro de la campa\u00f1a del Gobierno estatal y sus fuerzas de represi\u00f3n para desmovilizar a las organizaciones sociales, sindicales y pol\u00edticas de izquierdas, ante su intento de salvar un sistema capitalista en total desmoronamiento. Nuestras luchas s\u00f3lo son reflejo del malestar social y la imposibilidad de seguir conteniendo la situaci\u00f3n de extrema exclusi\u00f3n y pobreza en Canarias, que lidera todas las estad\u00edsticas del Estado Espa\u00f1ol. La \u00fanica violencia existente en Canarias es la ejercida por los Cuerpos de Seguridad del Estado y la violencia expl\u00edcita que supone la realidad de las Islas: desahucios, personas sin recursos y los recortes de derechos que sufrimos en este archipi\u00e9lago.<\/p>\n<p style=\"text-align:justify;\">Con esta represi\u00f3n, m\u00e1s que silenciarnos y dividirnos, han conseguido que nuestra voz se escuche m\u00e1s que nunca. Nos tienen miedo, porque no tenemos miedo.<\/p>\n<p>Santa Cruz de Tenerife, jueves 10 de julio de 2014<\/p>\n<p>&nbsp;<\/p>\n<p><strong>ORGANIZACIONES FIRMANTES:<\/strong><\/p>\n<p>15 M \u2013 Tenerife<\/p>\n<p>Asociaci\u00f3n Canaria de Amistad con el Pueblo Saharaui, ACAPS<\/p>\n<p>Alternativa Antimilitarista \u2013 MOC<\/p>\n<p>Alternativa Nacionalista Canaria, ANC<\/p>\n<p>Alternativa S\u00ed Se Puede<\/p>\n<p>Amigos de Anaga<\/p>\n<p>Arriba las que Luchan \u2013 Fotoactivismo<\/p>\n<p>Asamblea Canaria por el Reparto de la Riqueza, ACRR<\/p>\n<p>Asamblea del Movimiento Estudiantil Canario, AMEC<\/p>\n<p>Asociaci\u00f3n LGTBI Algarab\u00eda<\/p>\n<p>Asociaci\u00f3n Sociocultural Alzados de Idafe<\/p>\n<p>Asociaci\u00f3n Tinerfe\u00f1a de Amigos de la Naturaleza, ATAN<\/p>\n<p>Canarias Hombres por la Igualdad<\/p>\n<p>Canarias por la Renta B\u00e1sica de las Iguales<\/p>\n<p>Centro de la Cultura Popular Canaria<\/p>\n<p>Centro Social Okupado Taucho<\/p>\n<p>Colectivo Harimaguada<\/p>\n<p>Comunidad Saharaui en Tenerife<\/p>\n<p>Comisiones Obreras de Base de Canarias, CO.BAS-Canarias<\/p>\n<p>Comit\u00e9 Canario de Solidaridad con los Pueblos<\/p>\n<p>Confederaci\u00f3n General del Trabajo, CGT<\/p>\n<p>Confederaci\u00f3n Nacional del Trabajo, CNT<\/p>\n<p>Coordinaci\u00f3n contra el empobrecimiento y la exclusi\u00f3n social Baladre<\/p>\n<p>Coordinadora Contra las Prospecciones Petrol\u00edferas en Canarias<\/p>\n<p>Coordinadora 22-M Tenerife<\/p>\n<p>Colectivos de J\u00f3venes Comunistas, CJC<\/p>\n<p>Ecologistas en Acci\u00f3n Tenerife<\/p>\n<p>Edukation<\/p>\n<p>Espacio La Tabona<\/p>\n<p>Espacio Sociocultural La Casa<\/p>\n<p>Frente Sindical Obrero de Canarias, FSOC<\/p>\n<p>Grupo de Apoyo a los Presos Pol\u00edticos Saharauis..<\/p>\n<p>Inekaren<\/p>\n<p>Iniciativa por La Orotava, IpO<\/p>\n<p>Intersindical Canaria<\/p>\n<p>Izquierda Unida Canaria<\/p>\n<p>Juventudes Comunistas de Canarias<\/p>\n<p>Mujeres del Mundo<\/p>\n<p>Organizaci\u00f3n Juvenil Azarug<\/p>\n<p>Partido Comunista<\/p>\n<p>Partido Comunista del Pueblo Canario, PCPC<\/p>\n<p>Plataforma Bolivariana de Canarias<\/p>\n<p>Plataforma de Afectados por la Hipoteca<\/p>\n<p>Plataforma por la Defensa de las Pensiones P\u00fablicas de Tenerife<\/p>\n<p>Plataforma por la Dignidad<\/p>\n<p>Plataforma por la Rep\u00fablica<\/p>\n<p>Por Tenerife \u2013 XTF<\/p>\n<p>Radio Pimienta<\/p>\n<p>Radio San Borond\u00f3n<\/p>\n<p>Red Canaria por los Derechos Humanos en Colombia<\/p>\n<p>Red Canaria por la Defensa de los Servicios Sociales, Redesscan<\/p>\n<p>Red Roja<\/p>\n<p>Resistencia Popular Canaria<\/p>\n<p>S\u00e1haracciones<\/p>\n<p>&nbsp;<\/p>\n<p>&nbsp;<\/p>\n<p>&nbsp;<\/p>\n<p>ACAPS Wilaia Alt Pened\u00e9s<\/p>\n<p>Alouda Cantabria<\/p>\n<p>Asamblea Antimilitarista Madrid-MOC<\/p>\n<p>Associacions Calalanes Amigues del Poble Saharaui, ACAPS<\/p>\n<p>Ateneo Libertario Allariz \u2013 Ourense<\/p>\n<p>Contra la Exclusi\u00f3n Alambique \u2013 Asturies<\/p>\n<p>Col.lectiu de Solidaritad de La Costera \u2013 Pa\u00eds Valenci\u00e1<\/p>\n<p>Comunidad Saharaui Residente en Asturias, COSARA<\/p>\n<p>Federaci\u00f3 Catalana d\u2019Amics del Poble Saharaui<\/p>\n<p>Grupo Axitaci\u00f3n Social, GAS \u2013 Vigo<\/p>\n<p>Lakaxita de Irun \u2013 Euskal Herria<\/p>\n<p>Liga de Estudiantes Saharauis<\/p>\n<p>Marea Roja \u2013 Alacant<\/p>\n<p>Sodepaz Balamil \u2013 Valladolid<\/p>\n<p>Stop Montajes Policiales 4 Caminos \u2013 Cuenca<\/p>\n<p>Uni\u00f3n Tercera Rep\u00fablica<\/p>\n<p>Zambra \u2013 Cuenca<\/p>\n<p>Zambra \u2013 M\u00e1laga<\/p>\n","protected":false},"excerpt":{"rendered":"<div class=\"mh-excerpt\"><p>Ante las detenciones de cinco personas pertenecientes a distintos colectivos sociales, sindicales y pol\u00edticos el pasado 26 de junio, desde diversas organizaciones queremos mostrar nuestro <a class=\"mh-excerpt-more\" href=\"https:\/\/cgttenerife.org\/?p=8\" title=\"COMUNICADO: Rechazo a la criminalizaci\u00f3n de los movimientos sociales de la izquierda en Canarias\">[&#8230;]<\/a><\/p>\n<\/div>","protected":false},"author":1,"featured_media":0,"comment_status":"closed","ping_status":"closed","sticky":false,"template":"","format":"gallery","meta":{"footnotes":""},"categories":[4,6],"tags":[],"class_list":["post-8","post","type-post","status-publish","format-gallery","hentry","category-actualidad","category-comunicados","post_format-post-format-gallery"],"_links":{"self":[{"href":"https:\/\/cgttenerife.org\/index.php?rest_route=\/wp\/v2\/posts\/8","targetHints":{"allow":["GET"]}}],"collection":[{"href":"https:\/\/cgttenerife.org\/index.php?rest_route=\/wp\/v2\/posts"}],"about":[{"href":"https:\/\/cgttenerife.org\/index.php?rest_route=\/wp\/v2\/types\/post"}],"author":[{"embeddable":true,"href":"https:\/\/cgttenerife.org\/index.php?rest_route=\/wp\/v2\/users\/1"}],"replies":[{"embeddable":true,"href":"https:\/\/cgttenerife.org\/index.php?rest_route=%2Fwp%2Fv2%2Fcomments&post=8"}],"version-history":[{"count":1,"href":"https:\/\/cgttenerife.org\/index.php?rest_route=\/wp\/v2\/posts\/8\/revisions"}],"predecessor-version":[{"id":2883,"href":"https:\/\/cgttenerife.org\/index.php?rest_route=\/wp\/v2\/posts\/8\/revisions\/2883"}],"wp:attachment":[{"href":"https:\/\/cgttenerife.org\/index.php?rest_route=%2Fwp%2Fv2%2Fmedia&parent=8"}],"wp:term":[{"taxonomy":"category","embeddable":true,"href":"https:\/\/cgttenerife.org\/index.php?rest_route=%2Fwp%2Fv2%2Fcategories&post=8"},{"taxonomy":"post_tag","embeddable":true,"href":"https:\/\/cgttenerife.org\/index.php?rest_route=%2Fwp%2Fv2%2Ftags&post=8"}],"curies":[{"name":"wp","href":"https:\/\/api.w.org\/{rel}","templated":true}]}}