{"id":795,"date":"2016-03-08T09:59:50","date_gmt":"2016-03-08T09:59:50","guid":{"rendered":"https:\/\/cgttenerife.wordpress.com\/?p=795"},"modified":"2023-01-29T14:43:00","modified_gmt":"2023-01-29T14:43:00","slug":"8-de-marzo-dia-internacional-de-la-mujer-trabajadora","status":"publish","type":"post","link":"https:\/\/cgttenerife.org\/?p=795","title":{"rendered":"8 De Marzo: D\u00eda Internacional de la Mujer Trabajadora"},"content":{"rendered":"<p style=\"text-align:justify;\"><strong>La CGT ante el 8 de Marzo, D\u00eda Internacional de la Mujer Trabajadora<\/strong><\/p>\n<p style=\"text-align:justify;\" align=\"center\"><strong>La Confederaci\u00f3n General del Trabajo se suma a esta hist\u00f3rica jornada de lucha de las mujeres llamando a la participaci\u00f3n en las manifestaciones unitarias de todas las grandes ciudades y organizando una serie de actos propios: charlas, presentaciones de libros, teatro y\u00a0 proyecci\u00f3n de pel\u00edculas de tem\u00e1tica feminista<\/strong><\/p>\n<p style=\"text-align:justify;\">Informaci\u00f3n detallada de actos de CGT en Madrid, Barcelona, Santander, M\u00e1laga, Valencia, Sevilla, Salamanca, Ja\u00e9n, \u00dabeda, Castell\u00f3n, Vinaroz, Alicante, Valladolid, Bilbao, Donosti-San Sebasti\u00e1n, Iru\u00f1a-Pamplona y Gasteiz-Vitoria en:<\/p>\n<p style=\"text-align:justify;\"><strong><em><a href=\"http:\/\/www.rojoynegro.info\/evento\/eje-violeta\/8-marzo-d%C3%ADa-internacional-la-mujer-trabajadora-actos-convocatorias\" target=\"_blank\" rel=\"noopener\">http:\/\/www.rojoynegro.info\/evento\/eje-violeta\/8-marzo-d%C3%ADa-internacional-la-mujer-trabajadora-actos-convocatorias<\/a><\/em><\/strong><\/p>\n<p style=\"text-align:justify;\"><strong><em>\u00a0<\/em><\/strong>El d\u00eda Internacional de la Mujer Trabajadora nace de la situaci\u00f3n de explotaci\u00f3n laboral, del abuso, del drama de precariedad de unas mujeres valientes que, all\u00e1 por el a\u00f1o 1911, se plantaron para decir \u00a1\u00a1BASTA!,\u00a0 sufriendo por ello la respuesta de la patronal y la represi\u00f3n del Estado. Como cada 8 de Marzo desde la CGT y sus correspondientes secretar\u00edas de la Mujer llamamos a conmemorar el D\u00eda de la Mujer Trabajadora y respaldar todas las reivindicaciones leg\u00edtimas, hist\u00f3ricas y actuales, contra el patriarcado y el sistema capitalista.<\/p>\n<p class=\"ecxMsoNormal\" style=\"text-align:justify;\">\u00a0<strong>Desde nuestro sindicato, denunciamos las situaciones de doble discriminaci\u00f3n que sufrimos las mujeres, una como clase trabajadora<\/strong> (ya sea remunerada o sin remuneraci\u00f3n a trav\u00e9s de los trabajos reproductivos y de cuidados) <strong>y otra como mujeres<\/strong>. <strong>Las sucesivas \u00abcrisis\u00bb econ\u00f3micas, en las que nos sit\u00faan peri\u00f3dicamente las clases dominantes pol\u00edticas y financieras, siguen manteniendo un sistema social, pol\u00edtico y econ\u00f3mico de progresiva desprotecci\u00f3n y precarizaci\u00f3n hacia las personas que desarrollan la mayor parte de las tareas productivas y reproductivas del pa\u00eds y hacia las personas que no pueden trabajar,<\/strong> mientras que incrementan los arcos salariales a favor de los equipos directivos, juntas de accionistas y dem\u00e1s atracadores y corruptos que desde la pol\u00edtica, la patronal y las instituciones p\u00fablicas y privadas, saquean el pa\u00eds y precarizan a los sectores con menos recursos.<\/p>\n<p style=\"text-align:justify;\">\u00a0Y as\u00ed, <strong>a\u00f1o tras a\u00f1o, nos encontramos nuevamente resistiendo a las agresiones brutales de la misma pol\u00edtica neoliberal contra la clase trabajadora en general, pero que pega m\u00e1s fuerte en nosotras, las mujeres<\/strong>, margin\u00e1ndonos en trabajos precarios, con peores sueldos que los hombres, mayor temporalidad en los contratos, en los que se nos exige completa disponibilidad para jornadas parciales, contratos por horas, exigi\u00e9ndonos una sobrecualificaci\u00f3n, cuestionando nuestra profesionalidad si queremos compatibilizarla con un proyecto de maternidad, engrosando las listas del paro o trabajando en condiciones de esclavas en la agricultura, en f\u00e1bricas, hosteler\u00eda, falsas aut\u00f3nomas, servicios p\u00fablicos, profesoras interinas, sanitarias y un largo etc\u00e9tera.<\/p>\n<p style=\"text-align:justify;\">Las mujeres no nos podemos acomodar, aunque desde el poder establecido nos auguren tiempos de cambio. <strong>En el movimiento libertario hemos aprendido que las transformaciones sociales que queremos no vendr\u00e1n de la mano del mundo pol\u00edtico, sino de la conciencia y movilizaci\u00f3n social. Si las mujeres no luchamos por nuestros derechos, nadie lo va a hacer por nosotras. <\/strong>Utilizando viejos discursos recurrentes, se afirma que nuestro bienestar depende del \u00abclima pol\u00edtico\u00bb de la \u00abestabilidad institucional\u00bb, estructuras del capitalismo que s\u00f3lo persiguen la perpetuaci\u00f3n del estatus de sus privilegios a costa del sometimiento y la explotaci\u00f3n de las dem\u00e1s. Sin embargo, nosotras tenemos otros intereses opuestos a estos actores que quieren imponer las condiciones de nuestras vidas.<\/p>\n<p style=\"text-align:justify;\">\u00a0La CGT, en esta fecha tan significativa, quiere dirigirse a todas las mujeres para recordar que <strong>lo poco que se est\u00e1 avanzando en derechos y condiciones de vida est\u00e1 siendo fruto exclusivamente de la lucha sindical y social alternativa que tenemos abierta contra el patriarcado y el capitalismo que, a trav\u00e9s del machismo y la explotaci\u00f3n, perpet\u00faan la desigualdad en todos los \u00f3rdenes de la vida.<\/strong> Y, <strong>puesto que nuestra vida y dignidad es lo \u00fanico que poseemos, vamos a defenderlas, luchando. Organizadas construiremos nuestro destino a trav\u00e9s de nuestra propia acci\u00f3n frente a los gestores del estado capitalista.<\/strong><\/p>\n<p style=\"text-align:justify;\">\u00a0<strong>Secretar\u00eda de la Mujer de CGT\u00a0\u00a0\u00a0\u00a0\u00a0 \/\u00a0\u00a0\u00a0\u00a0\u00a0 Gabinete de Prensa Confederal\u00a0\u00a0\u00a0\u00a0 \u00a0\u00a0\/\u00a0\u00a0\u00a0\u00a0\u00a0\u00a0 <\/strong>Madrid, 3 de marzo de 2016<\/p>\n<div class=\"center-wrapper\" style=\"text-align:justify;\">\n<div class=\"panel-col-first panel-panel\"><\/div>\n<div class=\"panel-col-last panel-panel\">\n<div class=\"inside\">\n<div class=\"panel-pane pane-content-field pane-field-image\">\n<div class=\"pane-content\">\n<div class=\"field field-type-filefield field-field-image\">\n<div class=\"field-items\">\n<div class=\"field-item odd\"><img loading=\"lazy\" decoding=\"async\" class=\"imagecache imagecache-listado-260 imagecache-default imagecache-listado-260_default\" title=\"\" src=\"http:\/\/cgt.org.es\/sites\/default\/files\/imagecache\/listado-260\/8M%20cartel%20animado_1.gif\" alt=\"\" width=\"260\" height=\"368\" \/><\/div>\n<\/div>\n<\/div>\n<\/div>\n<\/div>\n<\/div>\n<\/div>\n<\/div>\n","protected":false},"excerpt":{"rendered":"<div class=\"mh-excerpt\"><p>La CGT ante el 8 de Marzo, D\u00eda Internacional de la Mujer Trabajadora La Confederaci\u00f3n General del Trabajo se suma a esta hist\u00f3rica jornada de <a class=\"mh-excerpt-more\" href=\"https:\/\/cgttenerife.org\/?p=795\" title=\"8 De Marzo: D\u00eda Internacional de la Mujer Trabajadora\">[&#8230;]<\/a><\/p>\n<\/div>","protected":false},"author":1,"featured_media":0,"comment_status":"closed","ping_status":"closed","sticky":false,"template":"","format":"gallery","meta":{"footnotes":""},"categories":[4,6,10],"tags":[],"class_list":["post-795","post","type-post","status-publish","format-gallery","hentry","category-actualidad","category-comunicados","category-feminismo","post_format-post-format-gallery"],"_links":{"self":[{"href":"https:\/\/cgttenerife.org\/index.php?rest_route=\/wp\/v2\/posts\/795","targetHints":{"allow":["GET"]}}],"collection":[{"href":"https:\/\/cgttenerife.org\/index.php?rest_route=\/wp\/v2\/posts"}],"about":[{"href":"https:\/\/cgttenerife.org\/index.php?rest_route=\/wp\/v2\/types\/post"}],"author":[{"embeddable":true,"href":"https:\/\/cgttenerife.org\/index.php?rest_route=\/wp\/v2\/users\/1"}],"replies":[{"embeddable":true,"href":"https:\/\/cgttenerife.org\/index.php?rest_route=%2Fwp%2Fv2%2Fcomments&post=795"}],"version-history":[{"count":1,"href":"https:\/\/cgttenerife.org\/index.php?rest_route=\/wp\/v2\/posts\/795\/revisions"}],"predecessor-version":[{"id":2831,"href":"https:\/\/cgttenerife.org\/index.php?rest_route=\/wp\/v2\/posts\/795\/revisions\/2831"}],"wp:attachment":[{"href":"https:\/\/cgttenerife.org\/index.php?rest_route=%2Fwp%2Fv2%2Fmedia&parent=795"}],"wp:term":[{"taxonomy":"category","embeddable":true,"href":"https:\/\/cgttenerife.org\/index.php?rest_route=%2Fwp%2Fv2%2Fcategories&post=795"},{"taxonomy":"post_tag","embeddable":true,"href":"https:\/\/cgttenerife.org\/index.php?rest_route=%2Fwp%2Fv2%2Ftags&post=795"}],"curies":[{"name":"wp","href":"https:\/\/api.w.org\/{rel}","templated":true}]}}