{"id":793,"date":"2016-03-07T11:30:45","date_gmt":"2016-03-07T11:30:45","guid":{"rendered":"https:\/\/cgttenerife.wordpress.com\/?p=793"},"modified":"2023-01-29T14:43:00","modified_gmt":"2023-01-29T14:43:00","slug":"libertarios-desde-canarias-dando-apoyo-mutuo-en-lesvos-y-macedonia","status":"publish","type":"post","link":"https:\/\/cgttenerife.org\/?p=793","title":{"rendered":"Libertarios desde Canarias dando Apoyo Mutuo en Lesvos y Macedonia\u200f"},"content":{"rendered":"<div>Soy Jes\u00fas de La Gomera.<\/div>\n<div><\/div>\n<p style=\"text-align:justify;\">Hemos venido un grupo de compas de Reciproka Subteno (que significa Apoyo Mutuo en esperanto) con la intenci\u00f3n de dar apoyo al movimiento de personas que en este momento ocurre desde Turkia, pasando por las islas griegas (Lesvos) hasta la frontera con Macedonia en Indomeni.<\/p>\n<p style=\"text-align:justify;\">\n<p style=\"text-align:justify;\">La idea es dar apoyo a los campamentos alternativos y libertarios (como Los Pl\u00e1tanos en Lesvos y otros campos de acogida no alternativos a los represivos oficiales -el principal es una c\u00e1rcel-) en tareas de limpieza y acondicionamiento de espacios; cribaje, limpieza y reparto de ropa y calzado; compra, preparaci\u00f3n y reparto de alimentos; intervenci\u00f3n psicosocial a trav\u00e9s del juego con menores; transporte de refugiados a distintos puntos; labores de traducci\u00f3n y cualquiera otra acci\u00f3n que suponga apoyo al drama que aqu\u00ed se vive en silencio, etc<\/p>\n<p style=\"text-align:justify;\"><span style=\"font-family:Arial, Helvetica;\">\u00a0<\/span><\/p>\n<p style=\"text-align:justify;\"><span style=\"font-family:Arial, Helvetica;\">Ahora queremos pasar la frontera a Turqu\u00eda para ver qu\u00e9 pasa all\u00ed, si hay campamentos y qu\u00e9 podr\u00edamos hacer all\u00ed&#8230; tambi\u00e9n est\u00e1 previsto ir a Macedonia, con la experiencia adquirida aqu\u00ed, para apoyar en lo que se pueda lo que all\u00ed ocurre.<\/span><\/p>\n<p style=\"text-align:justify;\"><span style=\"font-family:Arial, Helvetica;\">\u00a0<\/span><\/p>\n<div style=\"text-align:justify;\"><span style=\"font-family:Arial, Helvetica;\">Noticia:\u00a0<\/span><span style=\"font-family:Arial, Helvetica;\"><a href=\"http:\/\/reciprokasubteno.org\/uncategorized\/reciproka-subteno-lleva-la-solidaridad-a-lesvos\/\" target=\"_blank\" rel=\"noopener\">http:\/\/reciprokasubteno.org\/uncategorized\/reciproka-subteno-lleva-la-solidaridad-a-lesvos\/<\/a><\/span><\/div>\n","protected":false},"excerpt":{"rendered":"<div class=\"mh-excerpt\"><p>Soy Jes\u00fas de La Gomera. Hemos venido un grupo de compas de Reciproka Subteno (que significa Apoyo Mutuo en esperanto) con la intenci\u00f3n de dar <a class=\"mh-excerpt-more\" href=\"https:\/\/cgttenerife.org\/?p=793\" title=\"Libertarios desde Canarias dando Apoyo Mutuo en Lesvos y Macedonia\u200f\">[&#8230;]<\/a><\/p>\n<\/div>","protected":false},"author":1,"featured_media":0,"comment_status":"closed","ping_status":"closed","sticky":false,"template":"","format":"gallery","meta":{"footnotes":""},"categories":[4],"tags":[],"class_list":["post-793","post","type-post","status-publish","format-gallery","hentry","category-actualidad","post_format-post-format-gallery"],"_links":{"self":[{"href":"https:\/\/cgttenerife.org\/index.php?rest_route=\/wp\/v2\/posts\/793","targetHints":{"allow":["GET"]}}],"collection":[{"href":"https:\/\/cgttenerife.org\/index.php?rest_route=\/wp\/v2\/posts"}],"about":[{"href":"https:\/\/cgttenerife.org\/index.php?rest_route=\/wp\/v2\/types\/post"}],"author":[{"embeddable":true,"href":"https:\/\/cgttenerife.org\/index.php?rest_route=\/wp\/v2\/users\/1"}],"replies":[{"embeddable":true,"href":"https:\/\/cgttenerife.org\/index.php?rest_route=%2Fwp%2Fv2%2Fcomments&post=793"}],"version-history":[{"count":1,"href":"https:\/\/cgttenerife.org\/index.php?rest_route=\/wp\/v2\/posts\/793\/revisions"}],"predecessor-version":[{"id":2832,"href":"https:\/\/cgttenerife.org\/index.php?rest_route=\/wp\/v2\/posts\/793\/revisions\/2832"}],"wp:attachment":[{"href":"https:\/\/cgttenerife.org\/index.php?rest_route=%2Fwp%2Fv2%2Fmedia&parent=793"}],"wp:term":[{"taxonomy":"category","embeddable":true,"href":"https:\/\/cgttenerife.org\/index.php?rest_route=%2Fwp%2Fv2%2Fcategories&post=793"},{"taxonomy":"post_tag","embeddable":true,"href":"https:\/\/cgttenerife.org\/index.php?rest_route=%2Fwp%2Fv2%2Ftags&post=793"}],"curies":[{"name":"wp","href":"https:\/\/api.w.org\/{rel}","templated":true}]}}