{"id":754,"date":"2015-12-02T10:32:12","date_gmt":"2015-12-02T10:32:12","guid":{"rendered":"https:\/\/cgttenerife.wordpress.com\/?p=754"},"modified":"2023-01-29T14:43:01","modified_gmt":"2023-01-29T14:43:01","slug":"guia-antirrepresiva-derechos-y-libertades-para-la-lucha-sindical-y-social","status":"publish","type":"post","link":"https:\/\/cgttenerife.org\/?p=754","title":{"rendered":"GU\u00cdA ANTIRREPRESIVA  Derechos y Libertades para la Lucha Sindical y Social"},"content":{"rendered":"<p style=\"text-align:justify;\">Ante la situaci\u00f3n de falta de libertades y de feroz represi\u00f3n que desde el Poder se est\u00e1 perpetrando para frenar la indignaci\u00f3n y la lucha, cada vez m\u00e1s patente, de las ciudadanas y ciudadanos del Estado Espa\u00f1ol, volvemos a reeditar, actualizada en funci\u00f3n de las nuevas leyes liberticidas -Ley Mordaza, Reforma del C\u00f3digo Penal etc.,- que ha promulgado el Gobierno, la Gu\u00eda Antirrepresiva \u201cDerechos y Libertades para la Lucha Social y Sindical\u201d.<\/p>\n<p style=\"text-align:justify;\">Con la entrada en vigor de La Ley de Seguridad Ciudadana (Ley Mordaza) y la reforma del C\u00f3digo Penal, los derechos fundamentales de las personas est\u00e1n desapareciendo en el territorio del estado espa\u00f1ol, y nos encontramos de hecho en una situaci\u00f3n de represi\u00f3n y falta de libertades digna de cualquier dictadura que se precie.<\/p>\n<p style=\"text-align:justify;\">Con el fin de preservar el plan de las \u00e9lites dominantes en su af\u00e1n de aumentar sus tasas de ganancia -mediante la sobre explotaci\u00f3n y el robo por desposesi\u00f3n de la clase trabajadora, el Poder se protege mediante la represi\u00f3n que ejerce a trav\u00e9s sus fuerzas represivas.<\/p>\n<p style=\"text-align:justify;\">Ni las cr\u00edticas de multitud de Organismos internacionales de derechos Humanos, ni la oposici\u00f3n de todas las organizaciones sociales y sindicales, as\u00ed como del resto de los partidos pol\u00edticos, han impedido que el Gobierno haciendo uso de su mayor\u00eda absoluta, nos haya impuesto un r\u00e9gimen policial en el que las fuerzas de seguridad del estado tienen, a su criterio, la capacidad de imponer sanciones administrativas al margen del poder judicial, con lo que el derecho de defensa se encarece y dificulta.<\/p>\n<p style=\"text-align:justify;\">Ante esta situaci\u00f3n, nosotras y nosotros que diariamente luchamos por la defensa de nuestros derechos laborales y sociales, que nos oponemos a los desahucios que arruinan la vida a miles de familias, que defendemos los servicios p\u00fablicos propiedad de la ciudadan\u00eda, sanidad, educaci\u00f3n, dependencia, servicios sociales etc., nosotras y nosotros que nos rebelamos ante el empleo precario, el paro que obliga a emigrar a las personas j\u00f3venes, que apoyamos a las personas migrantes obligadas a salir de su pa\u00eds por la situaci\u00f3n de persecuci\u00f3n y miseria, consecuencia del expolio y las guerras auspiciadas por la avaricia de las \u00e9lites neoliberales de los estados, \u201cpretendidamente democr\u00e1ticos\u201d, de occidente, somos nosotras, las personas del pueblo trabajador quienes tenemos el poder de cambiar esta situaci\u00f3n mediante la desobediencia y la movilizaci\u00f3n no consintiendo ni refrendando sus leyes con nuestro silencio.<\/p>\n<p style=\"text-align:justify;\">Con la edici\u00f3n de esta Gu\u00eda, elaborada con el esfuerzo del gabinete jur\u00eddico confederal, en la que se desgranan las distintas situaciones con las que nos podemos encontrar en nuestra lucha cotidiana por la defensa de nuestros derechos, ponemos a disposici\u00f3n de las y los militantes de CGT y de los movimientos sociales, una herramienta de defensa y consulta para las situaciones que se puedan producir por la acci\u00f3n de las fuerzas de seguridad del Estado, tanto en las luchas reivindicativas en las empresas, como en los entornos de la lucha social.<\/p>\n<p style=\"text-align:justify;\">\n<div style=\"text-align:justify;\">\n<pre>Secretar\u00eda de Comunicaci\u00f3n SP CC CGT<\/pre>\n<\/div>\n<p style=\"text-align:justify;\"><a href=\"https:\/\/cgttenerife.files.wordpress.com\/2015\/12\/guia-antirepresiva-2016-web.pdf\">guia antirepresiva 2016-web<\/a><\/p>\n","protected":false},"excerpt":{"rendered":"<div class=\"mh-excerpt\"><p>Ante la situaci\u00f3n de falta de libertades y de feroz represi\u00f3n que desde el Poder se est\u00e1 perpetrando para frenar la indignaci\u00f3n y la lucha, <a class=\"mh-excerpt-more\" href=\"https:\/\/cgttenerife.org\/?p=754\" title=\"GU\u00cdA ANTIRREPRESIVA  Derechos y Libertades para la Lucha Sindical y Social\">[&#8230;]<\/a><\/p>\n<\/div>","protected":false},"author":1,"featured_media":0,"comment_status":"closed","ping_status":"closed","sticky":false,"template":"","format":"gallery","meta":{"footnotes":""},"categories":[4,6,7],"tags":[],"class_list":["post-754","post","type-post","status-publish","format-gallery","hentry","category-actualidad","category-comunicados","category-documentos","post_format-post-format-gallery"],"_links":{"self":[{"href":"https:\/\/cgttenerife.org\/index.php?rest_route=\/wp\/v2\/posts\/754","targetHints":{"allow":["GET"]}}],"collection":[{"href":"https:\/\/cgttenerife.org\/index.php?rest_route=\/wp\/v2\/posts"}],"about":[{"href":"https:\/\/cgttenerife.org\/index.php?rest_route=\/wp\/v2\/types\/post"}],"author":[{"embeddable":true,"href":"https:\/\/cgttenerife.org\/index.php?rest_route=\/wp\/v2\/users\/1"}],"replies":[{"embeddable":true,"href":"https:\/\/cgttenerife.org\/index.php?rest_route=%2Fwp%2Fv2%2Fcomments&post=754"}],"version-history":[{"count":1,"href":"https:\/\/cgttenerife.org\/index.php?rest_route=\/wp\/v2\/posts\/754\/revisions"}],"predecessor-version":[{"id":2836,"href":"https:\/\/cgttenerife.org\/index.php?rest_route=\/wp\/v2\/posts\/754\/revisions\/2836"}],"wp:attachment":[{"href":"https:\/\/cgttenerife.org\/index.php?rest_route=%2Fwp%2Fv2%2Fmedia&parent=754"}],"wp:term":[{"taxonomy":"category","embeddable":true,"href":"https:\/\/cgttenerife.org\/index.php?rest_route=%2Fwp%2Fv2%2Fcategories&post=754"},{"taxonomy":"post_tag","embeddable":true,"href":"https:\/\/cgttenerife.org\/index.php?rest_route=%2Fwp%2Fv2%2Ftags&post=754"}],"curies":[{"name":"wp","href":"https:\/\/api.w.org\/{rel}","templated":true}]}}