{"id":729,"date":"2015-11-03T12:52:13","date_gmt":"2015-11-03T12:52:13","guid":{"rendered":"https:\/\/cgttenerife.wordpress.com\/?p=729"},"modified":"2023-01-29T14:43:01","modified_gmt":"2023-01-29T14:43:01","slug":"iberia-persecucion-sindical-a-la-cgt-en-tenerife","status":"publish","type":"post","link":"https:\/\/cgttenerife.org\/?p=729","title":{"rendered":"IBERIA: PERSECUCI\u00d3N SINDICAL A LA CGT EN TENERIFE"},"content":{"rendered":"<p>A cualquier precio, es la estrategia usada por IBERIA en Tenerife para librarse de un sindicato molesto.<\/p>\n<p>No pueden acabar con nuestra organizaci\u00f3n en las urnas, as\u00ed que han decidido suspender cautelarmente de contrato a la compa\u00f1era delegada de CGT, Ascensi\u00f3n Ruiz Herrera, mediante la incoaci\u00f3n de un expediente bajo la falsa imputaci\u00f3n de irregularidades en el desarrollo de sus funciones. De esta manera no solo mantienen a la compa\u00f1era fuera de la compa\u00f1\u00eda, si no que han metido el miedo a las compa\u00f1eras y compa\u00f1eros que quer\u00edan presentarse por CGT en las elecciones sindicales, imposibilit\u00e1ndonos inscribir una plancha en el colegio de t\u00e9cnicos y administrativos.<\/p>\n<p>Como ya hicieron anteriormente con los despidos de Fernando y Carmen durante la huelga del 2012, afiliados de CGT y \u00fanicas personas despedidas en todo el estado espa\u00f1ol. Despidos declarados improcedentes.<\/p>\n<p>Como tambi\u00e9n hicieron con el compa\u00f1ero Sergio, afiliado a la CGT, despedido por\u00a0 \u201cfichar tarde\u201d. Despido declarado improcedente.<\/p>\n<p>Y con los compa\u00f1eros Imeldo y Ambrosio, afiliados a la CGT. Ambos despidos declarados improcedentes.<\/p>\n<p>De nada le ha servido a la compa\u00f1era Ascen tener un inmaculado expediente de 27 a\u00f1os de servicio a la compa\u00f1\u00eda, basta con ser una sindicalista \u00a0\u201cmolesta y luchadora\u201d, \u00a0a la que no est\u00e1 acostumbrada tener esta empresa para que, alegremente, se ponga en duda su gran profesionalidad y entrega, y se juegue con el pan de su familia.<\/p>\n<p>Esta organizaci\u00f3n sindical considera inadmisible que se acuda nuevamente por parte de la empresa IBERIA LAE a t\u00e1cticas despreciables que atentan contra el derecho de libertad de acci\u00f3n sindical, y ofenden las derechos protegidos por el art\u00edculo 28 de la Constituci\u00f3n y por la Ley Org\u00e1nica de Libertad Sindical.<\/p>\n","protected":false},"excerpt":{"rendered":"<div class=\"mh-excerpt\"><p>A cualquier precio, es la estrategia usada por IBERIA en Tenerife para librarse de un sindicato molesto. No pueden acabar con nuestra organizaci\u00f3n en las <a class=\"mh-excerpt-more\" href=\"https:\/\/cgttenerife.org\/?p=729\" title=\"IBERIA: PERSECUCI\u00d3N SINDICAL A LA CGT EN TENERIFE\">[&#8230;]<\/a><\/p>\n<\/div>","protected":false},"author":1,"featured_media":0,"comment_status":"closed","ping_status":"closed","sticky":false,"template":"","format":"gallery","meta":{"footnotes":""},"categories":[6],"tags":[],"class_list":["post-729","post","type-post","status-publish","format-gallery","hentry","category-comunicados","post_format-post-format-gallery"],"_links":{"self":[{"href":"https:\/\/cgttenerife.org\/index.php?rest_route=\/wp\/v2\/posts\/729","targetHints":{"allow":["GET"]}}],"collection":[{"href":"https:\/\/cgttenerife.org\/index.php?rest_route=\/wp\/v2\/posts"}],"about":[{"href":"https:\/\/cgttenerife.org\/index.php?rest_route=\/wp\/v2\/types\/post"}],"author":[{"embeddable":true,"href":"https:\/\/cgttenerife.org\/index.php?rest_route=\/wp\/v2\/users\/1"}],"replies":[{"embeddable":true,"href":"https:\/\/cgttenerife.org\/index.php?rest_route=%2Fwp%2Fv2%2Fcomments&post=729"}],"version-history":[{"count":1,"href":"https:\/\/cgttenerife.org\/index.php?rest_route=\/wp\/v2\/posts\/729\/revisions"}],"predecessor-version":[{"id":2838,"href":"https:\/\/cgttenerife.org\/index.php?rest_route=\/wp\/v2\/posts\/729\/revisions\/2838"}],"wp:attachment":[{"href":"https:\/\/cgttenerife.org\/index.php?rest_route=%2Fwp%2Fv2%2Fmedia&parent=729"}],"wp:term":[{"taxonomy":"category","embeddable":true,"href":"https:\/\/cgttenerife.org\/index.php?rest_route=%2Fwp%2Fv2%2Fcategories&post=729"},{"taxonomy":"post_tag","embeddable":true,"href":"https:\/\/cgttenerife.org\/index.php?rest_route=%2Fwp%2Fv2%2Ftags&post=729"}],"curies":[{"name":"wp","href":"https:\/\/api.w.org\/{rel}","templated":true}]}}