{"id":721,"date":"2015-10-09T10:59:15","date_gmt":"2015-10-09T10:59:15","guid":{"rendered":"https:\/\/cgttenerife.wordpress.com\/?p=721"},"modified":"2023-01-29T14:43:01","modified_gmt":"2023-01-29T14:43:01","slug":"terrorismo-machista","status":"publish","type":"post","link":"https:\/\/cgttenerife.org\/?p=721","title":{"rendered":"TERRORISMO MACHISTA"},"content":{"rendered":"<h2><strong><em>La CGT de Tenerife <\/em><\/strong><strong>condena en\u00e9rgicamente los \u00faltimos episodios de terrorismo machista<\/strong><\/h2>\n<p style=\"text-align:justify;\">Santa Cruz de Tenerife a 9 de octubre de 2015: <strong>Un mes negro m\u00e1s\u2026 Que no por repetidos y lamentables, parece que vayan a terminar.<\/strong><\/p>\n<p style=\"text-align:justify;\"><strong>En menos de cinco d\u00edas, cuatro hombres machistas han asesinado a sus parejas, y uno lo ha intentado en plena v\u00eda p\u00fablica.<\/strong><\/p>\n<p style=\"text-align:justify;\"><strong>Desde CGT Tenerife queremos CONDENAR, sin paliativos ni justificaciones de ning\u00fan tipo, la VIOLENCIA MACHISTA que se ejerce sobre las mujeres, siendo el \u00faltimo exponente de ella el asesinato.<\/strong><\/p>\n<p style=\"text-align:justify;\"><strong>Y por violencia machista no s\u00f3lo entendemos la de los hombres que matan o agreden a sus parejas, <a href=\"mailto:hij@s\">hij@s<\/a>, hermanas, madres\u2026, y mujeres con la que cohabitan en el planeta. Por Violencia Machista tambi\u00e9n entendemos las pol\u00edticas discriminatorias y agresoras que realiza este Gobierno desde sus instancias de poder, recortando presupuestos (un 26% desde 2010 para pol\u00edticas destinadas a luchar contra la Violencia de G\u00e9nero); eliminando derechos econ\u00f3micos, sociales y laborales, tan duramente conquistados; condenando a la juventud a la ignorancia, y con ello a la incapacidad de pensar y crear una conciencia cr\u00edtica, que cuestione los roles patriarcales y capitalistas, donde el poder (econ\u00f3mico, social, familiar\u2026), lo es todo.<\/strong><\/p>\n<p style=\"text-align:justify;\"><strong>No nos basta con los t\u00edpicos \u201cminutos de silencio\u201d con los que acallan sus conciencias los pol\u00edticos de turno; desde CGT EXIGIMOS pol\u00edticas eficientes y reales, con dotaci\u00f3n presupuestaria exclusiva, que incidan de manera efectiva en la lucha contra los feminicidios. EXIGIMOS formaci\u00f3n para el personal que trabaja en todas las \u00e1reas de la Administraci\u00f3n encargadas de detectar e implementar medidas de protecci\u00f3n de la vida y la integridad f\u00edsica y mental de las mujeres y ni\u00f1as y ni\u00f1os v\u00edctimas de Violencia de G\u00e9nero. EXIGIMOS medidas judiciales reales y efectivas que protejan y eviten las agresiones y muertes de tantas mujeres. EXIGIMOS que nos devuelvan todos los derechos robados a la clase trabajadora, por estos gobiernos neo-liberales rendidos al capital rancio, machista, fascista e insolidario&#8230; sobre todo exigimos el fin de la violencia machista. No m\u00e1s mujeres maltratadas y asesinadas.<\/strong><\/p>\n<p style=\"text-align:justify;\"><strong>\u00a0<\/strong><\/p>\n<p style=\"text-align:justify;\"><strong>\u00a0<\/strong><\/p>\n<p style=\"text-align:justify;\"><strong>\u00a0<\/strong><\/p>\n<p><strong>\u00a0<\/strong><\/p>\n<p>&nbsp;<\/p>\n<p>&nbsp;<\/p>\n","protected":false},"excerpt":{"rendered":"<div class=\"mh-excerpt\"><p>La CGT de Tenerife condena en\u00e9rgicamente los \u00faltimos episodios de terrorismo machista Santa Cruz de Tenerife a 9 de octubre de 2015: Un mes negro <a class=\"mh-excerpt-more\" href=\"https:\/\/cgttenerife.org\/?p=721\" title=\"TERRORISMO MACHISTA\">[&#8230;]<\/a><\/p>\n<\/div>","protected":false},"author":1,"featured_media":0,"comment_status":"closed","ping_status":"closed","sticky":false,"template":"","format":"gallery","meta":{"footnotes":""},"categories":[4,6,10],"tags":[],"class_list":["post-721","post","type-post","status-publish","format-gallery","hentry","category-actualidad","category-comunicados","category-feminismo","post_format-post-format-gallery"],"_links":{"self":[{"href":"https:\/\/cgttenerife.org\/index.php?rest_route=\/wp\/v2\/posts\/721","targetHints":{"allow":["GET"]}}],"collection":[{"href":"https:\/\/cgttenerife.org\/index.php?rest_route=\/wp\/v2\/posts"}],"about":[{"href":"https:\/\/cgttenerife.org\/index.php?rest_route=\/wp\/v2\/types\/post"}],"author":[{"embeddable":true,"href":"https:\/\/cgttenerife.org\/index.php?rest_route=\/wp\/v2\/users\/1"}],"replies":[{"embeddable":true,"href":"https:\/\/cgttenerife.org\/index.php?rest_route=%2Fwp%2Fv2%2Fcomments&post=721"}],"version-history":[{"count":1,"href":"https:\/\/cgttenerife.org\/index.php?rest_route=\/wp\/v2\/posts\/721\/revisions"}],"predecessor-version":[{"id":2840,"href":"https:\/\/cgttenerife.org\/index.php?rest_route=\/wp\/v2\/posts\/721\/revisions\/2840"}],"wp:attachment":[{"href":"https:\/\/cgttenerife.org\/index.php?rest_route=%2Fwp%2Fv2%2Fmedia&parent=721"}],"wp:term":[{"taxonomy":"category","embeddable":true,"href":"https:\/\/cgttenerife.org\/index.php?rest_route=%2Fwp%2Fv2%2Fcategories&post=721"},{"taxonomy":"post_tag","embeddable":true,"href":"https:\/\/cgttenerife.org\/index.php?rest_route=%2Fwp%2Fv2%2Ftags&post=721"}],"curies":[{"name":"wp","href":"https:\/\/api.w.org\/{rel}","templated":true}]}}