{"id":718,"date":"2015-10-09T10:57:43","date_gmt":"2015-10-09T10:57:43","guid":{"rendered":"https:\/\/cgttenerife.wordpress.com\/?p=718"},"modified":"2023-01-29T14:43:01","modified_gmt":"2023-01-29T14:43:01","slug":"huelga-brif","status":"publish","type":"post","link":"https:\/\/cgttenerife.org\/?p=718","title":{"rendered":"HUELGA BRIF"},"content":{"rendered":"<h2><strong>La CGT de Tenerife se solidariza con la huelga que, desde hace varios meses, llevan a cabo el personal de la BRIF<\/strong><\/h2>\n<p>Santa Cruz de Tenerife a 9 de octubre de 2015:<\/p>\n<p style=\"text-align:justify;\">Desde CGT Tenerife queremos mostrar nuestro apoyo a la plantilla de las Brigadas de Refuerzo contra Incendios Forestales (BRIF) que llevan m\u00e1s de dos meses de huelga indefinida, motivada por el conflicto mantenido con TRAGSA (empresa p\u00fablica) y el Ministerio de Agricultura, Alimentaci\u00f3n y Medio Ambiente.<\/p>\n<p style=\"text-align:justify;\">Las condiciones abusivas impuestas a esta plantilla por parte de la patronal, con la complicidad de la administraci\u00f3n, hacen posible <strong>tener contratados a unidades de \u00e9lite de Bomberos Forestales<\/strong> con la condici\u00f3n de helitransportados, con lo que implica de riesgo, penosidad, toxicidad, disponibilidad y peligrosidad, <strong>como peones forestales<\/strong>; las\/los trabajdoras\/es que por edad o lesi\u00f3n no pueden combatir en primera l\u00ednea de fuego no tienen una segunda actividad que puedan realizar, estando obligados, con la categor\u00eda de peones forestales, a continuar en primera l\u00ednea de fuego o condenados al paro; en definitiva las condiciones laborales y econ\u00f3micas del colectivo son penosas.<\/p>\n<p style=\"text-align:justify;\">Por tanto insistimos: estamos con las BRIF en todas sus reivindicaciones:<\/p>\n<p style=\"text-align:justify;\">Por el reconocimiento de la categor\u00eda profesional acorde con el trabajo realizado: Bomberos.<\/p>\n<p style=\"text-align:justify;\">Por una segunda actividad para la plantilla que por edad o lesi\u00f3n no puedan combatir en primera l\u00ednea de fuego.<\/p>\n<p style=\"text-align:justify;\">\n<p style=\"text-align:justify;\">Por unas condiciones laborales y econ\u00f3micas dignas.<\/p>\n<p style=\"text-align:justify;\">\n<p style=\"text-align:justify;\">CGT TENERIFE<\/p>\n<p style=\"text-align:justify;\">\n<p style=\"text-align:justify;\">\n","protected":false},"excerpt":{"rendered":"<div class=\"mh-excerpt\"><p>La CGT de Tenerife se solidariza con la huelga que, desde hace varios meses, llevan a cabo el personal de la BRIF Santa Cruz de <a class=\"mh-excerpt-more\" href=\"https:\/\/cgttenerife.org\/?p=718\" title=\"HUELGA BRIF\">[&#8230;]<\/a><\/p>\n<\/div>","protected":false},"author":1,"featured_media":0,"comment_status":"closed","ping_status":"closed","sticky":false,"template":"","format":"gallery","meta":{"footnotes":""},"categories":[4,6],"tags":[],"class_list":["post-718","post","type-post","status-publish","format-gallery","hentry","category-actualidad","category-comunicados","post_format-post-format-gallery"],"_links":{"self":[{"href":"https:\/\/cgttenerife.org\/index.php?rest_route=\/wp\/v2\/posts\/718","targetHints":{"allow":["GET"]}}],"collection":[{"href":"https:\/\/cgttenerife.org\/index.php?rest_route=\/wp\/v2\/posts"}],"about":[{"href":"https:\/\/cgttenerife.org\/index.php?rest_route=\/wp\/v2\/types\/post"}],"author":[{"embeddable":true,"href":"https:\/\/cgttenerife.org\/index.php?rest_route=\/wp\/v2\/users\/1"}],"replies":[{"embeddable":true,"href":"https:\/\/cgttenerife.org\/index.php?rest_route=%2Fwp%2Fv2%2Fcomments&post=718"}],"version-history":[{"count":1,"href":"https:\/\/cgttenerife.org\/index.php?rest_route=\/wp\/v2\/posts\/718\/revisions"}],"predecessor-version":[{"id":2841,"href":"https:\/\/cgttenerife.org\/index.php?rest_route=\/wp\/v2\/posts\/718\/revisions\/2841"}],"wp:attachment":[{"href":"https:\/\/cgttenerife.org\/index.php?rest_route=%2Fwp%2Fv2%2Fmedia&parent=718"}],"wp:term":[{"taxonomy":"category","embeddable":true,"href":"https:\/\/cgttenerife.org\/index.php?rest_route=%2Fwp%2Fv2%2Fcategories&post=718"},{"taxonomy":"post_tag","embeddable":true,"href":"https:\/\/cgttenerife.org\/index.php?rest_route=%2Fwp%2Fv2%2Ftags&post=718"}],"curies":[{"name":"wp","href":"https:\/\/api.w.org\/{rel}","templated":true}]}}