{"id":703,"date":"2016-02-23T09:10:27","date_gmt":"2016-02-23T09:10:27","guid":{"rendered":"https:\/\/cgttenerife.wordpress.com\/?p=703"},"modified":"2023-01-29T14:43:00","modified_gmt":"2023-01-29T14:43:00","slug":"proxima-asamblea-general-del-sindicato-unico-de-cgt-tenerife-lunes-27-julio","status":"publish","type":"post","link":"https:\/\/cgttenerife.org\/?p=703","title":{"rendered":"Asamblea General del Sindicato \u00danico: nuevo Secretariado Permanente"},"content":{"rendered":"<p>Se comunica la nueva Secretar\u00eda Permanente<\/p>\n<p>Secretar\u00eda General: Jos\u00e9 Luis Espinosa Cuenca<\/p>\n<p>Secretar\u00eda de Organizaci\u00f3n y Acci\u00f3n Social: Joan Blasco Afr\u00f3ns<\/p>\n<p>Secrertar\u00eda de Finanzas y Comunicaci\u00f3n: Juan Romeu Galv\u00e1n<\/p>\n<p>&nbsp;<\/p>\n","protected":false},"excerpt":{"rendered":"<div class=\"mh-excerpt\"><p>Se comunica la nueva Secretar\u00eda Permanente Secretar\u00eda General: Jos\u00e9 Luis Espinosa Cuenca Secretar\u00eda de Organizaci\u00f3n y Acci\u00f3n Social: Joan Blasco Afr\u00f3ns Secrertar\u00eda de Finanzas y <a class=\"mh-excerpt-more\" href=\"https:\/\/cgttenerife.org\/?p=703\" title=\"Asamblea General del Sindicato \u00danico: nuevo Secretariado Permanente\">[&#8230;]<\/a><\/p>\n<\/div>","protected":false},"author":1,"featured_media":0,"comment_status":"closed","ping_status":"closed","sticky":false,"template":"","format":"gallery","meta":{"footnotes":""},"categories":[4,9],"tags":[],"class_list":["post-703","post","type-post","status-publish","format-gallery","hentry","category-actualidad","category-eventos","post_format-post-format-gallery"],"_links":{"self":[{"href":"https:\/\/cgttenerife.org\/index.php?rest_route=\/wp\/v2\/posts\/703","targetHints":{"allow":["GET"]}}],"collection":[{"href":"https:\/\/cgttenerife.org\/index.php?rest_route=\/wp\/v2\/posts"}],"about":[{"href":"https:\/\/cgttenerife.org\/index.php?rest_route=\/wp\/v2\/types\/post"}],"author":[{"embeddable":true,"href":"https:\/\/cgttenerife.org\/index.php?rest_route=\/wp\/v2\/users\/1"}],"replies":[{"embeddable":true,"href":"https:\/\/cgttenerife.org\/index.php?rest_route=%2Fwp%2Fv2%2Fcomments&post=703"}],"version-history":[{"count":1,"href":"https:\/\/cgttenerife.org\/index.php?rest_route=\/wp\/v2\/posts\/703\/revisions"}],"predecessor-version":[{"id":2834,"href":"https:\/\/cgttenerife.org\/index.php?rest_route=\/wp\/v2\/posts\/703\/revisions\/2834"}],"wp:attachment":[{"href":"https:\/\/cgttenerife.org\/index.php?rest_route=%2Fwp%2Fv2%2Fmedia&parent=703"}],"wp:term":[{"taxonomy":"category","embeddable":true,"href":"https:\/\/cgttenerife.org\/index.php?rest_route=%2Fwp%2Fv2%2Fcategories&post=703"},{"taxonomy":"post_tag","embeddable":true,"href":"https:\/\/cgttenerife.org\/index.php?rest_route=%2Fwp%2Fv2%2Ftags&post=703"}],"curies":[{"name":"wp","href":"https:\/\/api.w.org\/{rel}","templated":true}]}}