{"id":690,"date":"2015-06-19T09:08:46","date_gmt":"2015-06-19T09:08:46","guid":{"rendered":"https:\/\/cgttenerife.wordpress.com\/?p=690"},"modified":"2023-01-29T14:43:02","modified_gmt":"2023-01-29T14:43:02","slug":"cgt-exige-la-puesta-en-libertad-de-alfon","status":"publish","type":"post","link":"https:\/\/cgttenerife.org\/?p=690","title":{"rendered":"CGT exige la puesta en libertad de Alfon"},"content":{"rendered":"<p style=\"text-align:justify;\">CGT exige la puesta en libertad de Alfon<\/p>\n<p style=\"text-align:justify;\">El d\u00eda 17 de Junio, alrededor de las 22 horas, ha sido detenido Alfonso Fern\u00e1ndez Ortega, joven vallecano de 22 a\u00f1os m\u00e1s conocido como \u201cAlfon\u201d. La detenci\u00f3n se produce como consecuencia de la ratificaci\u00f3n por el Tribunal Supremo de la condena a 4 a\u00f1os de prisi\u00f3n que dict\u00f3 la Audiencia Provincial de Madrid, por llevar un supuesto explosivo con la \u00fanica prueba de la palabra de la polic\u00eda, cuando acud\u00eda a un piquete de su barrio durante la jornada de huelga general a nivel europeo del 14 de Noviembre de 2012.<\/p>\n<p style=\"text-align:justify;\">Desde CGT exigimos la puesta en libertad de Alfon y condenamos la actuaci\u00f3n del Estado que mediante leyes injustas y liberticidas, persigue y encarcela a los trabajadores y trabajadoras que ejercen su leg\u00edtimo derecho a la libertad de huelga y de protesta en la defensa de nuestros derechos. Derechos que est\u00e1n siendo vulnerados por un sistema cuyas pol\u00edticas de expolio est\u00e1n dejando un pa\u00eds devastado.<\/p>\n<p style=\"text-align:justify;\">La utilizaci\u00f3n por el Estado de este caso, como escarmiento a la juventud y a todas las personas que se atreven a reivindicar sus derechos y a protestar ante la arbitrariedad y la represi\u00f3n, no nos har\u00e1 callar ni retroceder en nuestra voluntad de seguir luchando por la libertad y los derechos de la clase trabajadora. Como siempre la CGT reivindica la libertad del compa\u00f1ero Alfon y de todas las personas que sufren la represi\u00f3n en defensa de la libertad y la dignidad.<\/p>\n<p style=\"text-align:justify;\">La solidaridad es la mayor defensa de los pueblos y, en esa solidaridad con Alfon, con su familia y con todas las compa\u00f1eras y compa\u00f1eros que sufren persecuci\u00f3n est\u00e1 y estar\u00e1 la CGT.<\/p>\n<p style=\"text-align:justify;\">Secretariado Permanente del Comit\u00e9 Confederal de la CGT<\/p>\n","protected":false},"excerpt":{"rendered":"<div class=\"mh-excerpt\"><p>CGT exige la puesta en libertad de Alfon El d\u00eda 17 de Junio, alrededor de las 22 horas, ha sido detenido Alfonso Fern\u00e1ndez Ortega, joven <a class=\"mh-excerpt-more\" href=\"https:\/\/cgttenerife.org\/?p=690\" title=\"CGT exige la puesta en libertad de Alfon\">[&#8230;]<\/a><\/p>\n<\/div>","protected":false},"author":1,"featured_media":0,"comment_status":"closed","ping_status":"closed","sticky":false,"template":"","format":"gallery","meta":{"footnotes":""},"categories":[4,6],"tags":[],"class_list":["post-690","post","type-post","status-publish","format-gallery","hentry","category-actualidad","category-comunicados","post_format-post-format-gallery"],"_links":{"self":[{"href":"https:\/\/cgttenerife.org\/index.php?rest_route=\/wp\/v2\/posts\/690","targetHints":{"allow":["GET"]}}],"collection":[{"href":"https:\/\/cgttenerife.org\/index.php?rest_route=\/wp\/v2\/posts"}],"about":[{"href":"https:\/\/cgttenerife.org\/index.php?rest_route=\/wp\/v2\/types\/post"}],"author":[{"embeddable":true,"href":"https:\/\/cgttenerife.org\/index.php?rest_route=\/wp\/v2\/users\/1"}],"replies":[{"embeddable":true,"href":"https:\/\/cgttenerife.org\/index.php?rest_route=%2Fwp%2Fv2%2Fcomments&post=690"}],"version-history":[{"count":1,"href":"https:\/\/cgttenerife.org\/index.php?rest_route=\/wp\/v2\/posts\/690\/revisions"}],"predecessor-version":[{"id":2842,"href":"https:\/\/cgttenerife.org\/index.php?rest_route=\/wp\/v2\/posts\/690\/revisions\/2842"}],"wp:attachment":[{"href":"https:\/\/cgttenerife.org\/index.php?rest_route=%2Fwp%2Fv2%2Fmedia&parent=690"}],"wp:term":[{"taxonomy":"category","embeddable":true,"href":"https:\/\/cgttenerife.org\/index.php?rest_route=%2Fwp%2Fv2%2Fcategories&post=690"},{"taxonomy":"post_tag","embeddable":true,"href":"https:\/\/cgttenerife.org\/index.php?rest_route=%2Fwp%2Fv2%2Ftags&post=690"}],"curies":[{"name":"wp","href":"https:\/\/api.w.org\/{rel}","templated":true}]}}