{"id":669,"date":"2015-04-29T14:08:28","date_gmt":"2015-04-29T14:08:28","guid":{"rendered":"https:\/\/cgttenerife.wordpress.com\/?p=669"},"modified":"2023-01-29T14:43:02","modified_gmt":"2023-01-29T14:43:02","slug":"la-cgt-sale-a-la-calle-el-1a-de-mayo-contra-la-estafa-del-sistema","status":"publish","type":"post","link":"https:\/\/cgttenerife.org\/?p=669","title":{"rendered":"La CGT sale a la calle el 1\u00aa de Mayo contra la estafa del sistema"},"content":{"rendered":"<p><span style=\"font-family:georgia, serif;\"><b>Este 1 de Mayo<\/b>, salimos a la calle para <b>denunciar la violenta estafa social que estamos sufriendo por parte de los poderes financieros y los distintos gobiernos.<\/b><\/span>.<span style=\"font-family:georgia, serif;\"><b>Nos lo est\u00e1n quitando todo<\/b>: los empleos con derechos, los servicios sociales, la sanidad, la ense\u00f1anza, los transportes p\u00fablicos, las comunicaciones, los suministros b\u00e1sicos (el agua y la electricidad), las viviendas, el acceso a la universidad, a la cultura, a la justicia burguesa, los cuidados a las personas dependientes (ancianas, enfermas y ni\u00f1os). Nos han quitado el derecho a decidir y a protestar, a manifestarnos, a expresarnos individual y colectivamente. <b>Nos han arrebatado el derecho a ser personas libres que puedan vivir con dignidad.<\/b><\/span><\/p>\n<div><span style=\"font-family:georgia, serif;\"><br \/>\n<b>La corrupci\u00f3n m\u00e1s descarnada campa a sus anchas y se ha \u00a0extendido a todas las instituciones<\/b>, pol\u00edticas, empresariales, judiciales, policiales y es muy penoso que alcance tambi\u00e9n a los sindicatos del r\u00e9gimen (ERE de Andaluc\u00eda, tarjetas opacas de Bankia, sobresueldos a cargos sindicales, etc).<\/p>\n<p>Por si esto fuera poco, <b>intentan poner una mordaza a la sociedad para que no proteste, para que se conforme, imponiendo el terror y el miedo<\/b> a base de represi\u00f3n policial, de represi\u00f3n econ\u00f3mica, de encarcelar a personas inocentes simplemente por participar en las protestas pac\u00edficas. Est\u00e1n at\u00e1ndonos de pies y manos como en los tiempos m\u00e1s duros del franquismo.<\/p>\n<p><b>No lo podemos consentir. Debemos seguir manteniendo la movilizaci\u00f3n en la calle, unificando luchas, practicando la solidaridad y el apoyo mutuo<\/b>, demostrando que no tenemos miedo, que nos sobra dignidad para luchar como clase, que no vamos a dejar que nos roben el futuro, tampoco el de nuestros hijos e hijas.<\/p>\n<p><b>Tenemos que obligarles a derogar todas las leyes liberticidas que nos han impuesto<\/b>, las Reformas Laborales, las leyes Mordaza, acabar con la negociaci\u00f3n del TTIP, negarnos a que se pague la DEUDA con el dinero p\u00fablico porque es ileg\u00edtima e injusta, recuperar los servicios p\u00fablicos robados, terminar con la crueldad de los desahucios, conseguir la RENTA B\u00c1SICA para todas y todos, repartir la riqueza y el trabajo en definitiva.<\/p>\n<p><b><span style=\"color:#ff0000;font-size:large;\">Este 1 de Mayo, en Tenerife, nos manifestamos por las calles de La Cuesta, saldremos a las 11h30m desde la Avenida de los Menceyes, a la altura del mercadona, hasta llegar a la Plaza del Tranv\u00eda. All\u00ed compartiremos una comida popular, junto a los colectivos que nos acompa\u00f1an en la lucha diaria y personas del barrio. Tambi\u00e9n tendremos concierto y actividades para lxs peques.<\/span><\/b><\/span><\/div>\n<div><span style=\"font-family:georgia, serif;\"><b><span style=\"color:#ff0000;font-size:large;\">\u00a0<\/span><\/b><\/span><\/div>\n<div><span style=\"font-family:georgia, serif;\"><b><span style=\"color:#ff0000;font-size:large;\">salud<\/span><\/b><\/span><\/div>\n<div>\n<div><a href=\"https:\/\/cgttenerife.files.wordpress.com\/2015\/04\/1-de-mayo-2015.jpg\"><img loading=\"lazy\" decoding=\"async\" class=\"alignleft size-medium wp-image-670\" src=\"https:\/\/cgttenerife.files.wordpress.com\/2015\/04\/1-de-mayo-2015.jpg?w=300\" alt=\"1 de Mayo 2015\" width=\"300\" height=\"213\" \/><\/a><a href=\"https:\/\/cgttenerife.files.wordpress.com\/2015\/04\/cgt-1-de-mayo-2015.pdf\">CGT-1 de mayo 2015<\/a><span style=\"font-family:georgia, serif;\"><br \/>\n<\/span><\/div>\n<\/div>\n","protected":false},"excerpt":{"rendered":"<div class=\"mh-excerpt\"><p>Este 1 de Mayo, salimos a la calle para denunciar la violenta estafa social que estamos sufriendo por parte de los poderes financieros y los <a class=\"mh-excerpt-more\" href=\"https:\/\/cgttenerife.org\/?p=669\" title=\"La CGT sale a la calle el 1\u00aa de Mayo contra la estafa del sistema\">[&#8230;]<\/a><\/p>\n<\/div>","protected":false},"author":1,"featured_media":0,"comment_status":"closed","ping_status":"closed","sticky":false,"template":"","format":"gallery","meta":{"footnotes":""},"categories":[4,6,9],"tags":[],"class_list":["post-669","post","type-post","status-publish","format-gallery","hentry","category-actualidad","category-comunicados","category-eventos","post_format-post-format-gallery"],"_links":{"self":[{"href":"https:\/\/cgttenerife.org\/index.php?rest_route=\/wp\/v2\/posts\/669","targetHints":{"allow":["GET"]}}],"collection":[{"href":"https:\/\/cgttenerife.org\/index.php?rest_route=\/wp\/v2\/posts"}],"about":[{"href":"https:\/\/cgttenerife.org\/index.php?rest_route=\/wp\/v2\/types\/post"}],"author":[{"embeddable":true,"href":"https:\/\/cgttenerife.org\/index.php?rest_route=\/wp\/v2\/users\/1"}],"replies":[{"embeddable":true,"href":"https:\/\/cgttenerife.org\/index.php?rest_route=%2Fwp%2Fv2%2Fcomments&post=669"}],"version-history":[{"count":1,"href":"https:\/\/cgttenerife.org\/index.php?rest_route=\/wp\/v2\/posts\/669\/revisions"}],"predecessor-version":[{"id":2845,"href":"https:\/\/cgttenerife.org\/index.php?rest_route=\/wp\/v2\/posts\/669\/revisions\/2845"}],"wp:attachment":[{"href":"https:\/\/cgttenerife.org\/index.php?rest_route=%2Fwp%2Fv2%2Fmedia&parent=669"}],"wp:term":[{"taxonomy":"category","embeddable":true,"href":"https:\/\/cgttenerife.org\/index.php?rest_route=%2Fwp%2Fv2%2Fcategories&post=669"},{"taxonomy":"post_tag","embeddable":true,"href":"https:\/\/cgttenerife.org\/index.php?rest_route=%2Fwp%2Fv2%2Ftags&post=669"}],"curies":[{"name":"wp","href":"https:\/\/api.w.org\/{rel}","templated":true}]}}