{"id":666,"date":"2015-04-14T09:31:26","date_gmt":"2015-04-14T09:31:26","guid":{"rendered":"https:\/\/cgttenerife.wordpress.com\/?p=666"},"modified":"2023-01-29T14:43:02","modified_gmt":"2023-01-29T14:43:02","slug":"huelga-subcontratas-telefonica-la-cgt-apoya-la-huelga-convocada-por-las-contratas-y-subcontratas-de-telefonica-en-todo-el-estado","status":"publish","type":"post","link":"https:\/\/cgttenerife.org\/?p=666","title":{"rendered":"HUELGA SUBCONTRATAS TELEF\u00d3NICA \u00a0 La CGT apoya la huelga convocada por las contratas y subcontratas de Telef\u00f3nica en todo el Estado."},"content":{"rendered":"<p style=\"text-align:justify;\" align=\"JUSTIFY\"><span style=\"font-family:Arial, sans-serif;\"><span style=\"font-size:medium;\"><i>La Confederaci\u00f3n se\u00f1ala a la direcci\u00f3n de la compa\u00f1\u00eda por precarizar a\u00fan m\u00e1s las condiciones de trabajo de las plantillas.<\/i><\/span><\/span><\/p>\n<p class=\"western\" lang=\"ca-ES\" style=\"text-align:justify;\" align=\"JUSTIFY\"><span style=\"font-family:Arial, sans-serif;\"><b>Santa Cruz de Tenerife, 13 de abril.<\/b> La Confederaci\u00f3n General del Trabajo (CGT) en Tenerife apoya de forma contundente la huelga convocada por<span lang=\"es-ES\"> las contratas y subcontratas de Telef\u00f3nica de Espa\u00f1a. En Tenerife la huelga est\u00e1 siendo secundada por pr\u00e1cticamente todas las subcontratas, lo que supone un 80% del total de trabajadores y trabajadoras del sector. CGT se une a la convocatoria estatal y convoca a partir del martes 14 de abril.<\/span><\/span><\/p>\n<p style=\"text-align:justify;\">Este conflicto nace, en primer lugar, con la privatizaci\u00f3n de Telef\u00f3nica por parte del gobierno de Aznar, poniendo a su amigo Villalonga al frente de la empresa para reconvertir el denostado monopolio estatal de las comunicaciones en un jugoso negocio para el capital privado. Lo que desde organizaciones como la CGT denunciamos entonces, se est\u00e1 comprobando ahora. Lo que tenemos es un monopolio privado de personajes que, mientras aumentan sus ingresos conocidos, de uno a siete millones de euros anuales, convierten un trabajo t\u00e9cnico y de asistencia a los consumidores, en una esclavizaci\u00f3n de decenas de miles de personas y en un servicio al cliente deplorable y s\u00f3lo encaminado a su negocio.<\/p>\n<p style=\"text-align:justify;\">La Huelga convocada en Madrid por el sindicato AST, se convierte en la chispa que genera una respuesta en pr\u00e1cticamente todo el estado. A partir de dicha huelga, otros sindicatos, que queremos que las personas afectadas sean las que determinen la lucha y sus resultados, hemos apoyado esta movilizaci\u00f3n con las herramientas que la legislaci\u00f3n actual nos permite. Y nos hemos encontrado con la reforma laboral y la connivencia de los sindicatos institucionales, que han ayudado con el acuerdo del SIMA (servicio interconfederal de mediaci\u00f3n y arbitraje) que est\u00e1 incorporado a la legislaci\u00f3n, pero que fue un acuerdo entre ellos mismos (CEOE-UGT-CCOO) para poder mediar en todos los conflictos de \u00e1mbito estatal. No s\u00f3lo eso, adem\u00e1s ha significado, de facto, aumentar el tiempo de preaviso de Huelgas estatales de cinco a 8 o m\u00e1s d\u00edas ya que los festivos no cuentan para los tres d\u00edas m\u00ednimos que obliga el acto de conciliaci\u00f3n ante el SIMA.<\/p>\n<p style=\"text-align:justify;\">En el acto de mediaci\u00f3n del d\u00eda 8 de abril, se constat\u00f3 el papel de los sindicatos oficiales; lejos de plantear el apoyo a los trabajadores y las trabajadoras en lucha, bas\u00e1ndose en supuestas asambleas realizadas en una provincia, pretendieron que acept\u00e1ramos CGT-Cobas o CIGA, cambiar la huelga indefinida por un calendario de huelgas. No lo aceptamos ninguno de los sindicatos convocantes ya que SON LOS\/AS TRABAJADORES\/AS LAS QUE HAN DECIDIDO LA HUELGA INDEFINIDA Y SOLO LES TOCA A ELLAS DECIDIR SU CONTINUIDAD O PARALIZACION. Estos son los motivos que nos llevan a la huelga:<\/p>\n<p style=\"text-align:justify;\">a. \u00a0 \u00a0Quien origina este conflicto es Telefonica-Movistar con su decisi\u00f3n unilateral de empeorar las condiciones de las sub-contratas.<\/p>\n<p style=\"text-align:justify;\">b. \u00a0 \u00a0Enfrentarse al sistema, cuando los poderosos nos quieren convertir en esclavos\/as, es el deber de cualquier sindicato de clase. Si con ello llamamos a los afectados a compartir nuestra manera de entender el sindicalismo, s\u00f3lo estamos cumpliendo con nuestra obligaci\u00f3n de difundir nuestra propuesta anarcosindicalista.<\/p>\n<p style=\"text-align:justify;\">c. \u00a0 \u00a0En todo caso, quien busca la resignaci\u00f3n y convencer a los colectivos menos concienciados en la defensa de una sociedad m\u00e1s justa, llamando a no movilizarse o a hacerlo a \u201cconveniencia\u201d del sistema, hacen su electoralismo; el del sindicalismo reformista y de resignaci\u00f3n.<\/p>\n<p style=\"text-align:justify;\">Por ello, desde la Federaci\u00f3n del Metal estatal y desde el Comit\u00e9 Confederal de la CGT, vamos a seguir apoyando, dando herramientas jur\u00eddicas y sindicales y compartiendo la lucha, con todos los compa\u00f1eros y compa\u00f1eras de las subcontratas de telefon\u00eda del conjunto del estado para los que hemos convocado la Huelga Indefinida desde el 14 de abril de 2015.<\/p>\n<p style=\"text-align:justify;\">Por \u00faltimo, exigimos a los responsables de esta situaci\u00f3n: gobierno, Telefonica-Movistar y patronales del metal y otros sectores afectados:<\/p>\n<p style=\"text-align:justify;\">\u00b7 \u00a0 \u00a0 \u00a0 \u00a0 que reconozcan como \u00fanicos interlocutores de este conflicto a los\/as trabajadores\/as afectados\/as (falsos aut\u00f3nomos o contratados),<\/p>\n<p style=\"text-align:justify;\">\u00b7 \u00a0 \u00a0 \u00a0 \u00a0 que se abra una negociaci\u00f3n a nivel estatal,<\/p>\n<p style=\"text-align:justify;\">\u00b7 \u00a0 \u00a0 \u00a0 \u00a0 se acepte la incorporaci\u00f3n de todos estos colectivos precarizados en la plantilla de Telefonica, igualando as\u00ed las condiciones de trabajo,<\/p>\n<p style=\"text-align:justify;\">\u00b7 \u00a0 \u00a0 \u00a0 \u00a0 se acabe de una vez por todas con la precariedad y el r\u00e9gimen semiesclavista que ha generado la actual direcci\u00f3n de Telefonica con C\u00e9sar Alierta a la cabeza.<\/p>\n<p style=\"text-align:justify;\">El 14 de abril los\/as trabajadores\/as en huelga se concentrar\u00e1n de nuevo a partir de las 9h en la Central Telef\u00f3nica de la Avenida Benito P\u00e9rez Armas.<\/p>\n<p class=\"western\" style=\"text-align:justify;\" align=\"JUSTIFY\"><span style=\"font-family:Arial, sans-serif;\">\u00a0<\/span><\/p>\n<p style=\"text-align:justify;\" align=\"JUSTIFY\">\n","protected":false},"excerpt":{"rendered":"<div class=\"mh-excerpt\"><p>La Confederaci\u00f3n se\u00f1ala a la direcci\u00f3n de la compa\u00f1\u00eda por precarizar a\u00fan m\u00e1s las condiciones de trabajo de las plantillas. Santa Cruz de Tenerife, 13 <a class=\"mh-excerpt-more\" href=\"https:\/\/cgttenerife.org\/?p=666\" title=\"HUELGA SUBCONTRATAS TELEF\u00d3NICA \u00a0 La CGT apoya la huelga convocada por las contratas y subcontratas de Telef\u00f3nica en todo el Estado.\">[&#8230;]<\/a><\/p>\n<\/div>","protected":false},"author":1,"featured_media":0,"comment_status":"closed","ping_status":"closed","sticky":false,"template":"","format":"gallery","meta":{"footnotes":""},"categories":[4,6],"tags":[],"class_list":["post-666","post","type-post","status-publish","format-gallery","hentry","category-actualidad","category-comunicados","post_format-post-format-gallery"],"_links":{"self":[{"href":"https:\/\/cgttenerife.org\/index.php?rest_route=\/wp\/v2\/posts\/666","targetHints":{"allow":["GET"]}}],"collection":[{"href":"https:\/\/cgttenerife.org\/index.php?rest_route=\/wp\/v2\/posts"}],"about":[{"href":"https:\/\/cgttenerife.org\/index.php?rest_route=\/wp\/v2\/types\/post"}],"author":[{"embeddable":true,"href":"https:\/\/cgttenerife.org\/index.php?rest_route=\/wp\/v2\/users\/1"}],"replies":[{"embeddable":true,"href":"https:\/\/cgttenerife.org\/index.php?rest_route=%2Fwp%2Fv2%2Fcomments&post=666"}],"version-history":[{"count":1,"href":"https:\/\/cgttenerife.org\/index.php?rest_route=\/wp\/v2\/posts\/666\/revisions"}],"predecessor-version":[{"id":2846,"href":"https:\/\/cgttenerife.org\/index.php?rest_route=\/wp\/v2\/posts\/666\/revisions\/2846"}],"wp:attachment":[{"href":"https:\/\/cgttenerife.org\/index.php?rest_route=%2Fwp%2Fv2%2Fmedia&parent=666"}],"wp:term":[{"taxonomy":"category","embeddable":true,"href":"https:\/\/cgttenerife.org\/index.php?rest_route=%2Fwp%2Fv2%2Fcategories&post=666"},{"taxonomy":"post_tag","embeddable":true,"href":"https:\/\/cgttenerife.org\/index.php?rest_route=%2Fwp%2Fv2%2Ftags&post=666"}],"curies":[{"name":"wp","href":"https:\/\/api.w.org\/{rel}","templated":true}]}}