{"id":651,"date":"2015-03-26T08:14:44","date_gmt":"2015-03-26T08:14:44","guid":{"rendered":"https:\/\/cgttenerife.wordpress.com\/?p=651"},"modified":"2023-01-29T14:43:03","modified_gmt":"2023-01-29T14:43:03","slug":"jornadas-antirrepresivas-tenerife","status":"publish","type":"post","link":"https:\/\/cgttenerife.org\/?p=651","title":{"rendered":"Jornadas Antirrepresivas Tenerife\u200f"},"content":{"rendered":"<p><a href=\"https:\/\/cgttenerife.files.wordpress.com\/2015\/03\/jornadas-antirrepre-general4.jpg\"><img loading=\"lazy\" decoding=\"async\" class=\"alignleft size-medium wp-image-652\" src=\"https:\/\/cgttenerife.files.wordpress.com\/2015\/03\/jornadas-antirrepre-general4.jpg?w=212\" alt=\"jornadas antirrepre general4\" width=\"212\" height=\"300\" \/><\/a><\/p>\n<div class=\"rmTop t_mbgc\"><\/div>\n<div id=\"ReadMessageScrollableSection\" class=\"rmMessages ClearBoth\">\n<div class=\"rmTopSpacer rmTop\">\n<div class=\"rmButtons\"><span class=\"rmPrev\"><img decoding=\"async\" class=\"i_rm_p_d\" src=\"https:\/\/dub127.mail.live.com\/ol\/clear.gif\" alt=\"\" \/><\/span><span class=\"rmNext\"><img decoding=\"async\" class=\"i_rm_n\" src=\"https:\/\/dub127.mail.live.com\/ol\/clear.gif\" alt=\"\" \/><\/span><span class=\"rmFull \"><img decoding=\"async\" class=\"i_r_fv\" src=\"https:\/\/dub127.mail.live.com\/ol\/clear.gif\" alt=\"\" \/><\/span><span class=\"rmClose \"><img decoding=\"async\" class=\"g_close\" src=\"https:\/\/dub127.mail.live.com\/ol\/clear.gif\" alt=\"\" \/><\/span><\/div>\n<\/div>\n<div id=\"readMessagePartControl677f\" class=\"c-ReadMessagePart ReadMsgContainer HasLayout ClearBoth HideShadows FullPart NoHistory Read RmIc\">\n<div class=\"paddingtop paddingbottom\">\n<div class=\"c-ReadMessagePartHeader\">\n<div class=\"t_hov MsgHover MsgPartGradient ia_hc Expanded\">\n<div class=\"ReadMsgFrom FloatLeft\">\n<div class=\"MsgPropertiesWrapper\">\n<div class=\"MsgProperties\">\n<div class=\"SenderLine FloatLeft\">\n<div class=\"c-ReadMessagePartBody\">\n<p><strong>JORNADAS ANTIRREPRESIVAS TENERIFE<\/strong><\/p>\n<p>El pasado d\u00eda 26 de marzo, el Partido Popular, en contra de toda la oposici\u00f3n y de varios organismos internacionales, aprueba un C\u00f3digo Penal y una Ley de Seguridad Ciudadana que no nos hac\u00edan ninguna falta. Unos d\u00edas despu\u00e9s, una nueva operaci\u00f3n policial (Operaci\u00f3n Pi\u00f1ata) se salda con decenas de personas detenidas en el estado espa\u00f1ol. Ambos hechos, aunque aparentemente inconexos, est\u00e1n relacionados por cuanto la operaci\u00f3n policial y la campa\u00f1a medi\u00e1tica que la acompa\u00f1an criminaliza al entorno anarquista, y tienen como fin crear en el imaginario colectivo un enemigo interno que justifique el clima de represi\u00f3n que nos espera, una vez que se les ha acabado, tras el abandono de las armas por parte de ETA, la \u00a0socorrida justificaci\u00f3n que siempre les hab\u00eda proporcionado el terrorismo a la hora de introducir nuevas medidas de control y represi\u00f3n.<\/p>\n<p>Por desgracia, no se trata de hechos aislados, la criminalizaci\u00f3n de la contestaci\u00f3n social cuenta con numerosos ejemplos en todo el estado espa\u00f1ol. Y en Canarias, a\u00fan resuenan el caso de las cinco compa\u00f1eras injustamente condenadas por el Tribunal Superior de Justicia de Canarias por formar parte de un piquete en una huelga general, montajes policiales como la Operaci\u00f3n Carrete, la compa\u00f1era Aisha en espera de un indulto o las abusivas multas por acciones no violentas como protestas estudiantiles, concentraciones espont\u00e1neas en las plazas, las personas detenidas en la manifestaci\u00f3n con motivo de la visita del ministro Wert, etc. Se criminaliza la disidencia ideol\u00f3gica y la lucha social que as\u00ed se transforman tras las investigaciones policiales, las sentencias judiciales y las campa\u00f1as medi\u00e1ticas en mera &#8216;delincuencia com\u00fan&#8217;, despojando de cualquier contenido pol\u00edtico las leg\u00edtimas reivindicaciones que originan la movilizaci\u00f3n social.<\/p>\n<p>El nuevo C\u00f3digo Penal y la Ley de Seguridad Ciudadana vienen a legalizar lo que era ilegal (expulsi\u00f3n de inmigrantes, listas negras, discriminaci\u00f3n legal&#8230;), a penalizar lo que no era delito (resistencia pasiva, venta callejera, solidaridad con personas extranjeras&#8230;) y a limitar con fuertes sanciones la protesta social.<\/p>\n<p>Sabedor que la lucha en la calle le perjudica y puede influir en los resultados electorales, el partido en el gobierno sigue adelante con su rodillo y la aprobaci\u00f3n definitiva de ambas leyes que nos retrotraen en algunos aspectos a los a\u00f1os de dictadura. Buscando justificaci\u00f3n y apoyo ciudadano a sus pol\u00edticas de ordeno y mando, crea alarma social criminalizando cualquier reivindicaci\u00f3n que cuestione la v\u00eda institucional de las elecciones pol\u00edticas, la injusticia social generada por este sistema o que, simplemente les pueda restar votos, poniendo en peligro la continuidad de su jugoso servicio a los mercados globales y a los grandes capitales. Se quiere limitar la disidencia ideol\u00f3gica a los programas de los partidos, barriendo la lucha de los movimientos sociales y sus leg\u00edtimas reivindicaciones.<\/p>\n<p>En Tenerife, varios colectivos y organizaciones que ven\u00edamos apoy\u00e1ndonos frente a la represi\u00f3n hemos organizado unas Jornadas Antirrepresivas que empiezan este viernes 10 de abril y terminar\u00e1n el 9 de mayo. Pretendemos dar a conocer los aspectos m\u00e1s regresivos de estas &#8216;leyes mordaza&#8217; y mostrar nuestro rechazo a la represi\u00f3n, sus causas y sus responsables. Diversas actividades y talleres cubrir\u00e1n aspectos pr\u00e1cticos para afrontar la situaci\u00f3n de represi\u00f3n que vivimos y para prepararnos a lo que viene, creando este espacio de encuentro y debate y, por supuesto, de lucha contra este sistema que nos oprime d\u00eda tras d\u00eda.<\/p>\n<p><strong>COORDINACI\u00d3N ANTIRREPRESIVA DE TENERIFE<\/strong><\/p>\n<\/div>\n<\/div>\n<\/div>\n<\/div>\n<\/div>\n<\/div>\n<\/div>\n<\/div>\n<\/div>\n<\/div>\n","protected":false},"excerpt":{"rendered":"<div class=\"mh-excerpt\"><p>JORNADAS ANTIRREPRESIVAS TENERIFE El pasado d\u00eda 26 de marzo, el Partido Popular, en contra de toda la oposici\u00f3n y de varios organismos internacionales, aprueba un <a class=\"mh-excerpt-more\" href=\"https:\/\/cgttenerife.org\/?p=651\" title=\"Jornadas Antirrepresivas Tenerife\u200f\">[&#8230;]<\/a><\/p>\n<\/div>","protected":false},"author":1,"featured_media":0,"comment_status":"closed","ping_status":"closed","sticky":false,"template":"","format":"gallery","meta":{"footnotes":""},"categories":[4,9],"tags":[],"class_list":["post-651","post","type-post","status-publish","format-gallery","hentry","category-actualidad","category-eventos","post_format-post-format-gallery"],"_links":{"self":[{"href":"https:\/\/cgttenerife.org\/index.php?rest_route=\/wp\/v2\/posts\/651","targetHints":{"allow":["GET"]}}],"collection":[{"href":"https:\/\/cgttenerife.org\/index.php?rest_route=\/wp\/v2\/posts"}],"about":[{"href":"https:\/\/cgttenerife.org\/index.php?rest_route=\/wp\/v2\/types\/post"}],"author":[{"embeddable":true,"href":"https:\/\/cgttenerife.org\/index.php?rest_route=\/wp\/v2\/users\/1"}],"replies":[{"embeddable":true,"href":"https:\/\/cgttenerife.org\/index.php?rest_route=%2Fwp%2Fv2%2Fcomments&post=651"}],"version-history":[{"count":1,"href":"https:\/\/cgttenerife.org\/index.php?rest_route=\/wp\/v2\/posts\/651\/revisions"}],"predecessor-version":[{"id":2850,"href":"https:\/\/cgttenerife.org\/index.php?rest_route=\/wp\/v2\/posts\/651\/revisions\/2850"}],"wp:attachment":[{"href":"https:\/\/cgttenerife.org\/index.php?rest_route=%2Fwp%2Fv2%2Fmedia&parent=651"}],"wp:term":[{"taxonomy":"category","embeddable":true,"href":"https:\/\/cgttenerife.org\/index.php?rest_route=%2Fwp%2Fv2%2Fcategories&post=651"},{"taxonomy":"post_tag","embeddable":true,"href":"https:\/\/cgttenerife.org\/index.php?rest_route=%2Fwp%2Fv2%2Ftags&post=651"}],"curies":[{"name":"wp","href":"https:\/\/api.w.org\/{rel}","templated":true}]}}