{"id":621,"date":"2015-02-03T09:03:34","date_gmt":"2015-02-03T09:03:34","guid":{"rendered":"https:\/\/cgttenerife.wordpress.com\/?p=621"},"modified":"2023-01-29T14:43:03","modified_gmt":"2023-01-29T14:43:03","slug":"cgt-teneriefe-apoya-a-hassanna-aalia","status":"publish","type":"post","link":"https:\/\/cgttenerife.org\/?p=621","title":{"rendered":"CGT Tenerife apoya a Hassanna Aal\u00eda"},"content":{"rendered":"<div style=\"text-align:justify;\"><span style=\"font-size:large;\">La asamblea del Sindicato \u00danico de la CGT en Tenerife quiere mostrar su apoyo a la causa del pueblo saharaui y a su lucha por la autodeterminaci\u00f3n, especialmente a Hassanna Aal\u00eda, un joven activista que se enfrenta en estos momentos a la extradici\u00f3n, y a la condena a cadena perpetua por parte de un tribunal militar marroqu\u00ed, ante la negativa del gobierno espa\u00f1ol a su solicitud de asilo pol\u00edtico. Tambi\u00e9n queremos mostrar toda nuestra solidaridad y apoyo a las compa\u00f1eras de la Asociaci\u00f3n Sahara Libre y a todas aquellas del movimiento prosaharaui que est\u00e1n poniendo sus cuerpos para que este atropello a los derechos humanos sea conocido y se logre la rectificaci\u00f3n del gobierno espa\u00f1ol, c\u00f3mplice del estado colonial marroqu\u00ed.<br \/>\n<\/span><\/div>\n<div>\n<div style=\"text-align:justify;\"><span style=\"font-size:large;\">\u00a0<\/span><\/div>\n<div style=\"text-align:justify;\"><span style=\"font-size:large;\">\u00c1nimo compa\u00f1eras, asilo para Hassanna, Sahara Libre!<\/span><\/div>\n<\/div>\n","protected":false},"excerpt":{"rendered":"<div class=\"mh-excerpt\"><p>La asamblea del Sindicato \u00danico de la CGT en Tenerife quiere mostrar su apoyo a la causa del pueblo saharaui y a su lucha por <a class=\"mh-excerpt-more\" href=\"https:\/\/cgttenerife.org\/?p=621\" title=\"CGT Tenerife apoya a Hassanna Aal\u00eda\">[&#8230;]<\/a><\/p>\n<\/div>","protected":false},"author":1,"featured_media":0,"comment_status":"closed","ping_status":"closed","sticky":false,"template":"","format":"gallery","meta":{"footnotes":""},"categories":[4,6],"tags":[],"class_list":["post-621","post","type-post","status-publish","format-gallery","hentry","category-actualidad","category-comunicados","post_format-post-format-gallery"],"_links":{"self":[{"href":"https:\/\/cgttenerife.org\/index.php?rest_route=\/wp\/v2\/posts\/621","targetHints":{"allow":["GET"]}}],"collection":[{"href":"https:\/\/cgttenerife.org\/index.php?rest_route=\/wp\/v2\/posts"}],"about":[{"href":"https:\/\/cgttenerife.org\/index.php?rest_route=\/wp\/v2\/types\/post"}],"author":[{"embeddable":true,"href":"https:\/\/cgttenerife.org\/index.php?rest_route=\/wp\/v2\/users\/1"}],"replies":[{"embeddable":true,"href":"https:\/\/cgttenerife.org\/index.php?rest_route=%2Fwp%2Fv2%2Fcomments&post=621"}],"version-history":[{"count":1,"href":"https:\/\/cgttenerife.org\/index.php?rest_route=\/wp\/v2\/posts\/621\/revisions"}],"predecessor-version":[{"id":2857,"href":"https:\/\/cgttenerife.org\/index.php?rest_route=\/wp\/v2\/posts\/621\/revisions\/2857"}],"wp:attachment":[{"href":"https:\/\/cgttenerife.org\/index.php?rest_route=%2Fwp%2Fv2%2Fmedia&parent=621"}],"wp:term":[{"taxonomy":"category","embeddable":true,"href":"https:\/\/cgttenerife.org\/index.php?rest_route=%2Fwp%2Fv2%2Fcategories&post=621"},{"taxonomy":"post_tag","embeddable":true,"href":"https:\/\/cgttenerife.org\/index.php?rest_route=%2Fwp%2Fv2%2Ftags&post=621"}],"curies":[{"name":"wp","href":"https:\/\/api.w.org\/{rel}","templated":true}]}}