{"id":610,"date":"2015-01-16T11:47:30","date_gmt":"2015-01-16T11:47:30","guid":{"rendered":"https:\/\/cgttenerife.wordpress.com\/?p=610"},"modified":"2023-01-29T14:43:04","modified_gmt":"2023-01-29T14:43:04","slug":"comunicado-de-apoyo-detenidas-en-coia-vigo","status":"publish","type":"post","link":"https:\/\/cgttenerife.org\/?p=610","title":{"rendered":"COMUNICADO DE APOYO DETENIDAS EN COIA (VIGO)"},"content":{"rendered":"<p><strong>Asamblea Canaria por el Reparto de La Riqueza (ACRR), Centro Social Okupado Taucho, CGT, Espacio Sociocultural La Casa y Radio Pimienta condenan el aumento de la represi\u00f3n en las protestas sociales.<\/strong><\/p>\n<p><em>Mientras dirigentes y partidos pol\u00edticos se manifiestan a favor de la libertad de expresi\u00f3n con motivo del atentado terrorista de Par\u00eds, la escalada de represi\u00f3n y criminalizaci\u00f3n de la protesta social sigue en aumento en el estado espa\u00f1ol.<\/em><\/p>\n<p>En esta ocasi\u00f3n es el compa\u00f1ero Diego Lores, de La\u00a0<em>Coordinaci\u00f3n de luchas contra el paro, el empobrecimiento y la exclusi\u00f3n social\u00a0Baladre,<\/em>\u00a0el que ha sido detenido junto a otra persona. Ambos participaban en la movilizaci\u00f3n vecinal contra las obras de una rotonda del Barrio de Coia (Vigo) en la que se pretende instalar un barco, un gasto injustificado en una ciudad en la que, como en el resto del estado espa\u00f1ol, la gente malvive en los barrios mientras las obras fara\u00f3nicas realizadas con dinero p\u00fablico sirven para lucrar a unos pocos.<\/p>\n<p>Abel Caballero, alcalde del PSOE de Vigo, ha puesto todo su empe\u00f1o para acallar la protesta, solicitando la actuaci\u00f3n policial durante las movilizaciones e incluso presentando cargos en la Fiscal\u00eda contra otras 25 personas.<\/p>\n<p>Las luchas de pueblos y barrios, as\u00ed como las del sindicalismo combativo y de clase, est\u00e1n siendo duramente reprimidas por empresas e instituciones p\u00fablicas, a trav\u00e9s de sus fuerzas de represi\u00f3n policiales, la judicatura y unas leyes que, cada vez m\u00e1s, se han puesto al servicio de los intereses del capital y las oligarqu\u00edas dominantes. El reciente caso de Alfon, condenado a 4 a\u00f1os de c\u00e1rcel por su participaci\u00f3n en la huelga general del 14N en 2012 tras un juicio lleno de irregularidades, se suma a una larga lista de activistas condenadas por su militancia. Es una ofensiva en toda regla contra la ley de huelga, el derecho de manifestaci\u00f3n y de reuni\u00f3n y las leyes que garantizan la libertad de expresi\u00f3n.<\/p>\n<p>La pr\u00f3xima aprobaci\u00f3n de la Ley de Seguridad Ciudadana, conocida como Ley Mordaza, es un paso m\u00e1s en el entramado legal que se est\u00e1 elaborando para silenciar la disidencia ideol\u00f3gica y reprimir la protesta social, se\u00f1al inequ\u00edvoca de la debilidad de un sistema que a falta de argumentos y ante el incremento de la contestaci\u00f3n ciudadana, \u00fanicamente sabe responder con la represi\u00f3n.<\/p>\n<p>Queremos mostrar nuestro total apoyo a las compa\u00f1eras detenidas en el barrio de Coia en Vigo por defender los derechos sociales y nuestro total rechazo a las pol\u00edticas de represi\u00f3n. Las luchas de las gentes de Coia son las nuestras.<\/p>\n<p>Si nos tocan a una, nos tocan a todas.<\/p>\n<p><strong>Asamblea Canaria por el Reparto de La Riqueza (ACRR)<\/strong><\/p>\n<p><strong>Centro Social Okupado Taucho<\/strong><\/p>\n<p><strong>Confederaci\u00f3n General del Trabajo (CGT)<\/strong><\/p>\n<p><strong>Espacio Sociocultural La Casa<\/strong><\/p>\n<p><strong>Radio Pimienta<\/strong><\/p>\n","protected":false},"excerpt":{"rendered":"<div class=\"mh-excerpt\"><p>Asamblea Canaria por el Reparto de La Riqueza (ACRR), Centro Social Okupado Taucho, CGT, Espacio Sociocultural La Casa y Radio Pimienta condenan el aumento de <a class=\"mh-excerpt-more\" href=\"https:\/\/cgttenerife.org\/?p=610\" title=\"COMUNICADO DE APOYO DETENIDAS EN COIA (VIGO)\">[&#8230;]<\/a><\/p>\n<\/div>","protected":false},"author":1,"featured_media":0,"comment_status":"closed","ping_status":"closed","sticky":false,"template":"","format":"gallery","meta":{"footnotes":""},"categories":[4,6],"tags":[],"class_list":["post-610","post","type-post","status-publish","format-gallery","hentry","category-actualidad","category-comunicados","post_format-post-format-gallery"],"_links":{"self":[{"href":"https:\/\/cgttenerife.org\/index.php?rest_route=\/wp\/v2\/posts\/610","targetHints":{"allow":["GET"]}}],"collection":[{"href":"https:\/\/cgttenerife.org\/index.php?rest_route=\/wp\/v2\/posts"}],"about":[{"href":"https:\/\/cgttenerife.org\/index.php?rest_route=\/wp\/v2\/types\/post"}],"author":[{"embeddable":true,"href":"https:\/\/cgttenerife.org\/index.php?rest_route=\/wp\/v2\/users\/1"}],"replies":[{"embeddable":true,"href":"https:\/\/cgttenerife.org\/index.php?rest_route=%2Fwp%2Fv2%2Fcomments&post=610"}],"version-history":[{"count":1,"href":"https:\/\/cgttenerife.org\/index.php?rest_route=\/wp\/v2\/posts\/610\/revisions"}],"predecessor-version":[{"id":2860,"href":"https:\/\/cgttenerife.org\/index.php?rest_route=\/wp\/v2\/posts\/610\/revisions\/2860"}],"wp:attachment":[{"href":"https:\/\/cgttenerife.org\/index.php?rest_route=%2Fwp%2Fv2%2Fmedia&parent=610"}],"wp:term":[{"taxonomy":"category","embeddable":true,"href":"https:\/\/cgttenerife.org\/index.php?rest_route=%2Fwp%2Fv2%2Fcategories&post=610"},{"taxonomy":"post_tag","embeddable":true,"href":"https:\/\/cgttenerife.org\/index.php?rest_route=%2Fwp%2Fv2%2Ftags&post=610"}],"curies":[{"name":"wp","href":"https:\/\/api.w.org\/{rel}","templated":true}]}}