{"id":605,"date":"2015-01-16T10:49:36","date_gmt":"2015-01-16T10:49:36","guid":{"rendered":"https:\/\/cgttenerife.wordpress.com\/?p=605"},"modified":"2023-01-29T14:43:04","modified_gmt":"2023-01-29T14:43:04","slug":"la-cgt-denuncia-la-nueva-ley-de-mutuas-llevada-a-cabo-por-el-gobierno","status":"publish","type":"post","link":"https:\/\/cgttenerife.org\/?p=605","title":{"rendered":"La CGT denuncia la nueva Ley de Mutuas llevada a cabo por el Gobierno"},"content":{"rendered":"<p><em>La Ley de Mutuas Patronales, un arma de destrucci\u00f3n masiva de la salud de las personas trabajadoras que ya es un hecho desde el 1 de Enero de 2015<\/em><\/p>\n<p><strong>Santa Cruz de Tenerife, 14 de Enero.<\/strong> La Confederaci\u00f3n General del Trabajo (CGT) denuncia que el Gobierno de Espa\u00f1a vuelve a mostrar el m\u00e1s absoluto desprecio hacia uno de los derechos esenciales de la vida: la salud, en \u00e9ste caso la salud laboral, la cual se convierte en un art\u00edculo de lujo y privativo de las clases altas y poderosas, siendo su m\u00e1ximo exponente, la Ley 35\/2014 de Mutuas.<\/p>\n<p>Dicha la ley, concibe a las personas trabajadoras enfermas por el hecho de trabajar, como delincuentes, las cuales son siempre sospechosas de cometer fraude, intentando escaquearse de su obligaci\u00f3n de trabajar. Por lo tanto, y basado en \u00e9sta concepci\u00f3n, las Mutuas Patronales se convierten en gestoras de todas las bajas, bien por accidentes de trabajo y\/o enfermedad profesional, siendo su misi\u00f3n vigilar y castigar.<\/p>\n<p>Adem\u00e1s, dentro del sistema p\u00fablico de salud, los profesionales de la medicina que acceden a su puesto de trabajo por concurso p\u00fablico, se ve cuestionado profesional y m\u00e9dicamente, dejando en manos de la sanidad privada la capacidad para determinar si una persona trabajadora se encuentra enferma o no y ah\u00ed, los criterios del mercado (rentabilidad o productividad) primar\u00e1n sobre la realidad de la salud.<\/p>\n<p>La Ley de Mutuas es un paso m\u00e1s en esa carrera a ninguna parte que los gobiernos liberales han emprendido de privatizaci\u00f3n de todo lo p\u00fablico, violando los principios de equidad, universalidad y eficiencia para todas y todos. Volvemos a esa concepci\u00f3n de la Seguridad Social franquista, donde se dualiza el sistema de Sanidad P\u00fablico: Uno privado (mutualizado) para las personas que coticen y otro p\u00fablico cuasi descapitalizado que se asemeja a la beneficiencia.<\/p>\n<p>Desde CGT seguiremos luchando en todo el entramado sanitario contra \u00e9sta Ley de Mutuas y seguir\u00e1 apostando por un Sistema de Salud p\u00fablico, universal y eficiente.<\/p>\n<p><strong>Sindicato \u00danico de CGT Tenerife<\/strong><\/p>\n","protected":false},"excerpt":{"rendered":"<div class=\"mh-excerpt\"><p>La Ley de Mutuas Patronales, un arma de destrucci\u00f3n masiva de la salud de las personas trabajadoras que ya es un hecho desde el 1 <a class=\"mh-excerpt-more\" href=\"https:\/\/cgttenerife.org\/?p=605\" title=\"La CGT denuncia la nueva Ley de Mutuas llevada a cabo por el Gobierno\">[&#8230;]<\/a><\/p>\n<\/div>","protected":false},"author":1,"featured_media":0,"comment_status":"closed","ping_status":"closed","sticky":false,"template":"","format":"gallery","meta":{"footnotes":""},"categories":[4,6],"tags":[],"class_list":["post-605","post","type-post","status-publish","format-gallery","hentry","category-actualidad","category-comunicados","post_format-post-format-gallery"],"_links":{"self":[{"href":"https:\/\/cgttenerife.org\/index.php?rest_route=\/wp\/v2\/posts\/605","targetHints":{"allow":["GET"]}}],"collection":[{"href":"https:\/\/cgttenerife.org\/index.php?rest_route=\/wp\/v2\/posts"}],"about":[{"href":"https:\/\/cgttenerife.org\/index.php?rest_route=\/wp\/v2\/types\/post"}],"author":[{"embeddable":true,"href":"https:\/\/cgttenerife.org\/index.php?rest_route=\/wp\/v2\/users\/1"}],"replies":[{"embeddable":true,"href":"https:\/\/cgttenerife.org\/index.php?rest_route=%2Fwp%2Fv2%2Fcomments&post=605"}],"version-history":[{"count":1,"href":"https:\/\/cgttenerife.org\/index.php?rest_route=\/wp\/v2\/posts\/605\/revisions"}],"predecessor-version":[{"id":2861,"href":"https:\/\/cgttenerife.org\/index.php?rest_route=\/wp\/v2\/posts\/605\/revisions\/2861"}],"wp:attachment":[{"href":"https:\/\/cgttenerife.org\/index.php?rest_route=%2Fwp%2Fv2%2Fmedia&parent=605"}],"wp:term":[{"taxonomy":"category","embeddable":true,"href":"https:\/\/cgttenerife.org\/index.php?rest_route=%2Fwp%2Fv2%2Fcategories&post=605"},{"taxonomy":"post_tag","embeddable":true,"href":"https:\/\/cgttenerife.org\/index.php?rest_route=%2Fwp%2Fv2%2Ftags&post=605"}],"curies":[{"name":"wp","href":"https:\/\/api.w.org\/{rel}","templated":true}]}}