{"id":481,"date":"2014-02-10T17:44:42","date_gmt":"2014-02-10T17:44:42","guid":{"rendered":"http:\/\/cgttenerife.wordpress.com\/?p=481"},"modified":"2023-01-29T14:43:07","modified_gmt":"2023-01-29T14:43:07","slug":"himno-de-mujeres-libres","status":"publish","type":"post","link":"https:\/\/cgttenerife.org\/?p=481","title":{"rendered":"Himno de Mujeres Libres"},"content":{"rendered":"<p>Mujeres Libres fue una organizaci\u00f3n de mujeres libertarias creada en 1936 que hoy en d\u00eda constituye un hito inspirador para el feminismo radical contempor\u00e1neo.<br \/>\nLa letra del himno fue escrita por una de la dirigentes del mismo, la escritora Luc\u00eda Sanchez Saornil. La m\u00fasica est\u00e1 interpretada por la Fanfarre Libertaria de Iru\u00f1ea y canta el coro Iru\u00f1ea abesbatza.<\/p>\n<p>[youtube https:\/\/www.youtube.com\/watch?v=ya0NMF8l35s]<\/p>\n","protected":false},"excerpt":{"rendered":"<div class=\"mh-excerpt\"><p>Mujeres Libres fue una organizaci\u00f3n de mujeres libertarias creada en 1936 que hoy en d\u00eda constituye un hito inspirador para el feminismo radical contempor\u00e1neo. La <a class=\"mh-excerpt-more\" href=\"https:\/\/cgttenerife.org\/?p=481\" title=\"Himno de Mujeres Libres\">[&#8230;]<\/a><\/p>\n<\/div>","protected":false},"author":1,"featured_media":0,"comment_status":"closed","ping_status":"closed","sticky":false,"template":"","format":"gallery","meta":{"footnotes":""},"categories":[5],"tags":[],"class_list":["post-481","post","type-post","status-publish","format-gallery","hentry","category-audiovisuales","post_format-post-format-gallery"],"_links":{"self":[{"href":"https:\/\/cgttenerife.org\/index.php?rest_route=\/wp\/v2\/posts\/481","targetHints":{"allow":["GET"]}}],"collection":[{"href":"https:\/\/cgttenerife.org\/index.php?rest_route=\/wp\/v2\/posts"}],"about":[{"href":"https:\/\/cgttenerife.org\/index.php?rest_route=\/wp\/v2\/types\/post"}],"author":[{"embeddable":true,"href":"https:\/\/cgttenerife.org\/index.php?rest_route=\/wp\/v2\/users\/1"}],"replies":[{"embeddable":true,"href":"https:\/\/cgttenerife.org\/index.php?rest_route=%2Fwp%2Fv2%2Fcomments&post=481"}],"version-history":[{"count":1,"href":"https:\/\/cgttenerife.org\/index.php?rest_route=\/wp\/v2\/posts\/481\/revisions"}],"predecessor-version":[{"id":2894,"href":"https:\/\/cgttenerife.org\/index.php?rest_route=\/wp\/v2\/posts\/481\/revisions\/2894"}],"wp:attachment":[{"href":"https:\/\/cgttenerife.org\/index.php?rest_route=%2Fwp%2Fv2%2Fmedia&parent=481"}],"wp:term":[{"taxonomy":"category","embeddable":true,"href":"https:\/\/cgttenerife.org\/index.php?rest_route=%2Fwp%2Fv2%2Fcategories&post=481"},{"taxonomy":"post_tag","embeddable":true,"href":"https:\/\/cgttenerife.org\/index.php?rest_route=%2Fwp%2Fv2%2Ftags&post=481"}],"curies":[{"name":"wp","href":"https:\/\/api.w.org\/{rel}","templated":true}]}}