{"id":471,"date":"2014-08-01T16:41:43","date_gmt":"2014-08-01T16:41:43","guid":{"rendered":"http:\/\/cgttenerife.wordpress.com\/?p=471"},"modified":"2023-01-29T14:43:06","modified_gmt":"2023-01-29T14:43:06","slug":"apuntate-a-nuestras-formaciones","status":"publish","type":"post","link":"https:\/\/cgttenerife.org\/?p=471","title":{"rendered":"La Formaci\u00f3n: La mejor herramienta para garantizar la militancia y la participaci\u00f3n."},"content":{"rendered":"<p style=\"text-align:justify;\"><a href=\"https:\/\/cgttenerife.files.wordpress.com\/2014\/08\/cartel-tendencia-chico.png\"><img loading=\"lazy\" decoding=\"async\" class=\"alignleft  wp-image-493\" src=\"http:\/\/cgttenerife.files.wordpress.com\/2014\/08\/cartel-tendencia-chico.png?w=212\" alt=\"cartel-tendencia-chico\" width=\"272\" height=\"385\" \/><\/a>La Formaci\u00f3n ha sido siempre la mejor herramienta que los trabajadores y trabajadoras que conformamos \u2013desde hace muchos a\u00f1os\u2013 el anarcosindicalismo, hemos tenido para defender nuestros principios, ideas, alternativas sindicales, sociales o pol\u00edticas.<\/p>\n<p style=\"text-align:justify;\"><span style=\"font-family:Helvetica, Geneva, Arial, SunSans-Regular, sans-serif;\">La Formaci\u00f3n de toda la afiliaci\u00f3n es el requisito imprescindible para fomentar la militancia y la participaci\u00f3n en la toma de decisiones, garantizando los principios de democracia directa.<\/span><\/p>\n<p style=\"text-align:justify;\">Por eso intentamos desarrollar un modelo de formaci\u00f3n basado en los principios de la pedagog\u00eda libertaria, es decir, la participaci\u00f3n, colaboraci\u00f3n, debate, di\u00e1logo, pensamiento cr\u00edtico, evitando el aprendizaje memor\u00edstico y el adoctrinamiento aut\u00f3mata.<\/p>\n<p style=\"text-align:justify;\">Inf\u00f3rmate de\u00a0nuestras formaciones a trav\u00e9s de esta web y no dudes en venir a participar y compartir con nosotras.<\/p>\n<p style=\"text-align:justify;\">Te esperamos.<\/p>\n<p>&nbsp;<\/p>\n","protected":false},"excerpt":{"rendered":"<div class=\"mh-excerpt\"><p>La Formaci\u00f3n ha sido siempre la mejor herramienta que los trabajadores y trabajadoras que conformamos \u2013desde hace muchos a\u00f1os\u2013 el anarcosindicalismo, hemos tenido para defender <a class=\"mh-excerpt-more\" href=\"https:\/\/cgttenerife.org\/?p=471\" title=\"La Formaci\u00f3n: La mejor herramienta para garantizar la militancia y la participaci\u00f3n.\">[&#8230;]<\/a><\/p>\n<\/div>","protected":false},"author":1,"featured_media":0,"comment_status":"closed","ping_status":"closed","sticky":false,"template":"","format":"gallery","meta":{"footnotes":""},"categories":[11],"tags":[],"class_list":["post-471","post","type-post","status-publish","format-gallery","hentry","category-formacion","post_format-post-format-gallery"],"_links":{"self":[{"href":"https:\/\/cgttenerife.org\/index.php?rest_route=\/wp\/v2\/posts\/471","targetHints":{"allow":["GET"]}}],"collection":[{"href":"https:\/\/cgttenerife.org\/index.php?rest_route=\/wp\/v2\/posts"}],"about":[{"href":"https:\/\/cgttenerife.org\/index.php?rest_route=\/wp\/v2\/types\/post"}],"author":[{"embeddable":true,"href":"https:\/\/cgttenerife.org\/index.php?rest_route=\/wp\/v2\/users\/1"}],"replies":[{"embeddable":true,"href":"https:\/\/cgttenerife.org\/index.php?rest_route=%2Fwp%2Fv2%2Fcomments&post=471"}],"version-history":[{"count":1,"href":"https:\/\/cgttenerife.org\/index.php?rest_route=\/wp\/v2\/posts\/471\/revisions"}],"predecessor-version":[{"id":2878,"href":"https:\/\/cgttenerife.org\/index.php?rest_route=\/wp\/v2\/posts\/471\/revisions\/2878"}],"wp:attachment":[{"href":"https:\/\/cgttenerife.org\/index.php?rest_route=%2Fwp%2Fv2%2Fmedia&parent=471"}],"wp:term":[{"taxonomy":"category","embeddable":true,"href":"https:\/\/cgttenerife.org\/index.php?rest_route=%2Fwp%2Fv2%2Fcategories&post=471"},{"taxonomy":"post_tag","embeddable":true,"href":"https:\/\/cgttenerife.org\/index.php?rest_route=%2Fwp%2Fv2%2Ftags&post=471"}],"curies":[{"name":"wp","href":"https:\/\/api.w.org\/{rel}","templated":true}]}}