{"id":434,"date":"2014-07-30T21:15:19","date_gmt":"2014-07-30T21:15:19","guid":{"rendered":"http:\/\/cgttenerife.wordpress.com\/?p=434"},"modified":"2023-01-29T14:43:06","modified_gmt":"2023-01-29T14:43:06","slug":"canarias-por-la-rbis-un-ano-de-lucha-contra-la-riqueza","status":"publish","type":"post","link":"https:\/\/cgttenerife.org\/?p=434","title":{"rendered":"Canarias por la RBis: Un a\u00f1o de lucha contra la riqueza."},"content":{"rendered":"<p><strong><\/strong><\/p>\n<p style=\"text-align:justify;\"><a href=\"http:\/\/cgttenerife.files.wordpress.com\/2014\/08\/lucha-contra-la-riqueza1.jpg\"><img loading=\"lazy\" decoding=\"async\" class=\"alignleft wp-image-418 size-full\" src=\"http:\/\/cgttenerife.files.wordpress.com\/2014\/08\/lucha-contra-la-riqueza1.jpg\" alt=\"lucha-contra-la-riqueza1\" width=\"400\" height=\"272\" \/><\/a>El 29 de julio de 2013 el Parlamento de Canarias aprob\u00f3 el \u201cPlan Sobre la Estrategia\u00a0Canaria frente a la Pobreza, la Exclusi\u00f3n Social y a favor del Desarrollo Humano 2013-\u00a02015\u2032 \u201d y durante este tiempo hemos visto m\u00faltiples publicaciones en los medios de\u00a0comunicaci\u00f3n anunciando que se llevar\u00edan a cabo distintas reformas enmarcadas en este\u00a0plan, como la ampliaci\u00f3n del n\u00famero de destinatarias de la PCI y la facilitaci\u00f3n de los\u00a0tr\u00e1mites para percibirla, un Plan Social de Empleo o una Ley de Vivienda que impida los\u00a0desahucios y suponga una soluci\u00f3n a las familias y personas sin hogar.<\/p>\n<p style=\"text-align:justify;\">A\u00fan as\u00ed, no se ha tomado ninguna medida real todav\u00eda ni se ha llevado a cabo ninguna\u00a0reforma que mejore la situaci\u00f3n social en Canarias. Por el contrario, el a\u00f1o 2013 se cerr\u00f3\u00a0con los siguientes datos:<\/p>\n<p style=\"text-align:justify;\">&#8211; 35,12 % de desempleadas<br \/>\n&#8211; 60,3 % de paro juvenil<br \/>\n&#8211; 29,7 % de pobreza infantil<br \/>\n&#8211; 1 de cada tres personas que vive en Canarias es pobre<\/p>\n<p style=\"text-align:justify;\">Estas alarmantes cifras nos sit\u00faan como el territorio m\u00e1s empobrecido del Estado.<\/p>\n<p style=\"text-align:justify;\">Hace tambi\u00e9n un a\u00f1o, diversos colectivos reclamamos frente al Parlamento la necesidad de un Plan contra la Riqueza que acabara de forma efectiva con esta situaci\u00f3n, denunciando que s\u00f3lo 4000 personas controlan el 80% de la riqueza en Canarias y que las campa\u00f1as asistencialistas de este tipo en nada resuelven las necesidades reales de quienes nos encontramos en exclusi\u00f3n.<\/p>\n<p style=\"text-align:justify;\">Ante la evidencia de que el Gobierno de Canarias no ha sido capaz de escuchar nuestras denuncias y contin\u00faa dando soluciones asistencialistas e incluso caritativas, empobreci\u00e9ndonos cada vez m\u00e1s y dej\u00e1ndonos nuevamente en cabeza como el territorio m\u00e1s empobrecida del Estado, hoy volvemos a salir a la calle a denunciar el continuo atropello que sufrimos por parte de quienes nos gobiernan que, en vez de darnos soluciones reales, siguen estando al servicio de las grandes empresas y despilfarrando en intereses propios los recursos econ\u00f3micos que nos pertenecen a todas.<\/p>\n<p style=\"text-align:justify;\">Un a\u00f1o despu\u00e9s, la Prestaci\u00f3n Canaria de Inserci\u00f3n, una prestaci\u00f3n insuficiente, totalmente subjetiva y sujeta a contraprestaci\u00f3n, sigue siendo la \u00fanica soluci\u00f3n de este gobierno para paliar nuestras situaciones. La PCI ni siquiera llega a equipararse a las Rentas M\u00ednimas de Inserci\u00f3n de otras partes del Estado, por lo que si aqu\u00e9llas no son una medida efectiva para que las personas que nos encontramos en exclusi\u00f3n podamos vivir una vida digna, \u00e9sta lo es mucho menos.<\/p>\n<p style=\"text-align:justify;\">Est\u00e1 claro que desde ninguna instituci\u00f3n nos van a solucionar estos problemas, por esto creemos que somos nosotras quienes tenemos que buscar alternativas reales a este sistema econ\u00f3mico y social, que acabe con la acumulaci\u00f3n de riqueza de unas pocas mientras la mayor\u00eda recibimos lo que a ellas les sobra.<\/p>\n<p style=\"text-align:justify;\">Desde hace 10 a\u00f1os, y durante \u00e9ste \u00faltimo en especial, diversos colectivos de Canarias ofrecemos como una herramienta de cambio real la Renta B\u00e1sica de las Iguales (RBis), un nuevo modelo econ\u00f3mico que nos permitir\u00eda vivir dignamente a todas las personas, ya que consiste en nuestro derecho a percibir una cuant\u00eda peri\u00f3dica, de forma individual (no familiar), universal, no contributiva y sin ning\u00fan tipo de contraprestaci\u00f3n (no dependiente del nivel de ingresos ni el mercado de trabajo) y de por vida para todas. Esta cuant\u00eda debe ser como m\u00ednimo igual al umbral de la pobreza y ser\u00e1 la misma cantidad para cada persona.<\/p>\n<p style=\"text-align:justify;\">Para ello, nos unimos a una ILP Estatal en la que estamos recogiendo firmas para exigir esa vida digna a la que tenemos derecho y que de otra manera no nos van a proporcionar.<\/p>\n<p style=\"text-align:justify;\"><strong>No pedimos ayudas, exigimos derechos.<\/strong><\/p>\n<p style=\"text-align:right;\"><strong>Canarias por la Renta B\u00e1sica de las Iguales<\/strong><br \/>\n<strong>Canarias, 29 de Julio de 2014<\/strong><\/p>\n","protected":false},"excerpt":{"rendered":"<div class=\"mh-excerpt\"><p>El 29 de julio de 2013 el Parlamento de Canarias aprob\u00f3 el \u201cPlan Sobre la Estrategia\u00a0Canaria frente a la Pobreza, la Exclusi\u00f3n Social y a <a class=\"mh-excerpt-more\" href=\"https:\/\/cgttenerife.org\/?p=434\" title=\"Canarias por la RBis: Un a\u00f1o de lucha contra la riqueza.\">[&#8230;]<\/a><\/p>\n<\/div>","protected":false},"author":1,"featured_media":0,"comment_status":"closed","ping_status":"closed","sticky":false,"template":"","format":"gallery","meta":{"footnotes":""},"categories":[4],"tags":[],"class_list":["post-434","post","type-post","status-publish","format-gallery","hentry","category-actualidad","post_format-post-format-gallery"],"_links":{"self":[{"href":"https:\/\/cgttenerife.org\/index.php?rest_route=\/wp\/v2\/posts\/434","targetHints":{"allow":["GET"]}}],"collection":[{"href":"https:\/\/cgttenerife.org\/index.php?rest_route=\/wp\/v2\/posts"}],"about":[{"href":"https:\/\/cgttenerife.org\/index.php?rest_route=\/wp\/v2\/types\/post"}],"author":[{"embeddable":true,"href":"https:\/\/cgttenerife.org\/index.php?rest_route=\/wp\/v2\/users\/1"}],"replies":[{"embeddable":true,"href":"https:\/\/cgttenerife.org\/index.php?rest_route=%2Fwp%2Fv2%2Fcomments&post=434"}],"version-history":[{"count":1,"href":"https:\/\/cgttenerife.org\/index.php?rest_route=\/wp\/v2\/posts\/434\/revisions"}],"predecessor-version":[{"id":2879,"href":"https:\/\/cgttenerife.org\/index.php?rest_route=\/wp\/v2\/posts\/434\/revisions\/2879"}],"wp:attachment":[{"href":"https:\/\/cgttenerife.org\/index.php?rest_route=%2Fwp%2Fv2%2Fmedia&parent=434"}],"wp:term":[{"taxonomy":"category","embeddable":true,"href":"https:\/\/cgttenerife.org\/index.php?rest_route=%2Fwp%2Fv2%2Fcategories&post=434"},{"taxonomy":"post_tag","embeddable":true,"href":"https:\/\/cgttenerife.org\/index.php?rest_route=%2Fwp%2Fv2%2Ftags&post=434"}],"curies":[{"name":"wp","href":"https:\/\/api.w.org\/{rel}","templated":true}]}}