{"id":3698,"date":"2026-04-27T18:35:34","date_gmt":"2026-04-27T18:35:34","guid":{"rendered":"https:\/\/cgttenerife.org\/?p=3698"},"modified":"2026-04-27T18:36:44","modified_gmt":"2026-04-27T18:36:44","slug":"manifestacion-1o-de-mayo-en-santa-cruz-de-tenerife","status":"publish","type":"post","link":"https:\/\/cgttenerife.org\/?p=3698","title":{"rendered":"Manifestaci\u00f3n 1\u00ba de Mayo en Santa Cruz de Tenerife"},"content":{"rendered":"<h3 style=\"text-align: center;\">Contra la guerra, el rearme y la OTAN. En defensa de la protecci\u00f3n social y de los derechos sociales y laborales.<\/h3>\n<p>Sabemos que las consecuencias de las guerras las sufre la clase trabajadora por el aumento desorbitado de los precios y que los pueblos afectados por \u00e9stas las pagan con sus vidas, para ganancias de petroleras y de la industria de armamentos que se lucran con ellas.<\/p>\n<p>La clase trabajadora no puede quedar ajena a la barbarie que impera en estos momentos en el mundo, Durante m\u00e1s de dos a\u00f1os venimos exigiendo al gobierno espa\u00f1ol el cese del comercio de armas y de las relaciones con el r\u00e9gimen racista y colonial israel\u00ed que impone el genocidio, el apartheid y la limpieza \u00e9tnica del pueblo palestino y pretende seguir ampliando la ocupaci\u00f3n ilegal de territorios en Gaza, Cisjordania y el L\u00edbano<\/p>\n<p>Frente a la amenaza de la derecha reaccionaria y de la ultraderecha, que pactan all\u00ed donde gobiernan, la supresi\u00f3n de derechos colectivos, la p\u00e9rdida de libertades y la aplicaci\u00f3n de pol\u00edticas racistas y xen\u00f3fobas, hay que responder con la movilizaci\u00f3n en defensa de las pol\u00edticas p\u00fablicas de protecci\u00f3n social, de la libertad y de los derechos conquistados por las mujeres.<img loading=\"lazy\" decoding=\"async\" class=\" wp-image-3699 alignright\" src=\"https:\/\/cgttenerife.org\/wp-content\/uploads\/2026\/04\/WhatsApp-Image-2026-04-27-at-11.28.13-207x300.jpeg\" alt=\"\" width=\"349\" height=\"506\" srcset=\"https:\/\/cgttenerife.org\/wp-content\/uploads\/2026\/04\/WhatsApp-Image-2026-04-27-at-11.28.13-207x300.jpeg 207w, https:\/\/cgttenerife.org\/wp-content\/uploads\/2026\/04\/WhatsApp-Image-2026-04-27-at-11.28.13-706x1024.jpeg 706w, https:\/\/cgttenerife.org\/wp-content\/uploads\/2026\/04\/WhatsApp-Image-2026-04-27-at-11.28.13-768x1113.jpeg 768w, https:\/\/cgttenerife.org\/wp-content\/uploads\/2026\/04\/WhatsApp-Image-2026-04-27-at-11.28.13-1060x1536.jpeg 1060w, https:\/\/cgttenerife.org\/wp-content\/uploads\/2026\/04\/WhatsApp-Image-2026-04-27-at-11.28.13.jpeg 1141w\" sizes=\"auto, (max-width: 349px) 100vw, 349px\" \/><\/p>\n<p>Te llamamos a participar en defensa de nuestra tierra y por el reparto de la riqueza que se genera en las islas. En Canarias el turismo representa un tercio del PIB y del empleo, pero esa riqueza generada por millones de visitantes no ha significado una mejora de las condiciones de vida de la poblaci\u00f3n. Este a\u00f1o se ha puesto en marcha la regularizaci\u00f3n parcial de personas migrantes que trabajan en el Estado espa\u00f1ol y que sostienen, sin<br \/>\nderechos, la econom\u00eda y los cuidados. Las tasas de paro y de precariedad laboral juveniles son de las m\u00e1s altas del Estado espa\u00f1ol y de la Uni\u00f3n Europea. En Canarias m\u00e1s de 40.000 pensionistas, la mayor\u00eda mujeres, tienen pensiones por debajo del salario m\u00ednimo.<\/p>\n<p>Hay una ofensiva para saquear y devaluar lo p\u00fablico, lo de todas. Se impulsan privatizaciones en los servicios p\u00fablicos como la Sanidad, la Educaci\u00f3n, la dependencia y los cuidados, y se amenaza al sistema p\u00fablico de pensiones. Se favorece la creaci\u00f3n de seis universidades privadas en detrimento de las universidades p\u00fablicas canarias. Debemos exigir la dotaci\u00f3n de fondos p\u00fablicos suficientes para garantizar la calidad, gratuidad y<br \/>\nuniversalidad de los servicios p\u00fablicos<\/p>\n<p>El acceso a una vivienda digna en Canarias se ha vuelto inalcanzable para la mayor\u00eda. La especulaci\u00f3n capitalista, lleva a desahucios a familias vulnerables, o a alquileres abusivos. El fomento de la vivienda vacacional favorece un modelo de turismo masivo y agrava la dificultad para acceder a una vivienda. Exigimos la expropiaci\u00f3n de las viviendas vac\u00edas en manos de fondos buitre, bancos e inmobiliarias.<br \/>\nJueves 30, a las 11 horas en el edificio central de la Universidad acto homenaje a Javier Fern\u00e1ndez Quesada que continuar\u00e1 en el Parque que lleva su nombre.<\/p>\n<h3>Viernes 1 de mayo participamos en la manifestaci\u00f3n del Primero de Mayo a las 10:00 horas en plaza Weyler, en Santa Cruz de Tenerife en el bloque del sindicalismo combativo.<\/h3>\n<h3 style=\"text-align: center;\">\u00a1Por el reparto de la riqueza! \u00a1Por los derechos sociales y laborales!<br \/>\n\u00a1Ni guerra, ni rearme, ni OTAN! \u00a1Estatuto de Neutralidad para Canarias!<\/h3>\n<p><img loading=\"lazy\" decoding=\"async\" class=\" wp-image-3701 aligncenter\" src=\"https:\/\/cgttenerife.org\/wp-content\/uploads\/2026\/04\/logos-300x79.jpg\" alt=\"\" width=\"444\" height=\"117\" srcset=\"https:\/\/cgttenerife.org\/wp-content\/uploads\/2026\/04\/logos-300x79.jpg 300w, https:\/\/cgttenerife.org\/wp-content\/uploads\/2026\/04\/logos-768x203.jpg 768w, https:\/\/cgttenerife.org\/wp-content\/uploads\/2026\/04\/logos.jpg 804w\" sizes=\"auto, (max-width: 444px) 100vw, 444px\" \/><\/p>\n","protected":false},"excerpt":{"rendered":"<div class=\"mh-excerpt\"><p>Contra la guerra, el rearme y la OTAN. En defensa de la protecci\u00f3n social y de los derechos sociales y laborales. Sabemos que las consecuencias <a class=\"mh-excerpt-more\" href=\"https:\/\/cgttenerife.org\/?p=3698\" title=\"Manifestaci\u00f3n 1\u00ba de Mayo en Santa Cruz de Tenerife\">[&#8230;]<\/a><\/p>\n<\/div>","protected":false},"author":1,"featured_media":3699,"comment_status":"closed","ping_status":"closed","sticky":true,"template":"","format":"standard","meta":{"footnotes":""},"categories":[1],"tags":[728,729,660,170,727,726],"class_list":["post-3698","post","type-post","status-publish","format-standard","has-post-thumbnail","hentry","category-uncategorized","tag-1o-de-mayo","tag-bloque-combativo","tag-derechos-laborales","tag-derechos-sociales","tag-extrema-derecha","tag-guerras"],"_links":{"self":[{"href":"https:\/\/cgttenerife.org\/index.php?rest_route=\/wp\/v2\/posts\/3698","targetHints":{"allow":["GET"]}}],"collection":[{"href":"https:\/\/cgttenerife.org\/index.php?rest_route=\/wp\/v2\/posts"}],"about":[{"href":"https:\/\/cgttenerife.org\/index.php?rest_route=\/wp\/v2\/types\/post"}],"author":[{"embeddable":true,"href":"https:\/\/cgttenerife.org\/index.php?rest_route=\/wp\/v2\/users\/1"}],"replies":[{"embeddable":true,"href":"https:\/\/cgttenerife.org\/index.php?rest_route=%2Fwp%2Fv2%2Fcomments&post=3698"}],"version-history":[{"count":3,"href":"https:\/\/cgttenerife.org\/index.php?rest_route=\/wp\/v2\/posts\/3698\/revisions"}],"predecessor-version":[{"id":3702,"href":"https:\/\/cgttenerife.org\/index.php?rest_route=\/wp\/v2\/posts\/3698\/revisions\/3702"}],"wp:featuredmedia":[{"embeddable":true,"href":"https:\/\/cgttenerife.org\/index.php?rest_route=\/wp\/v2\/media\/3699"}],"wp:attachment":[{"href":"https:\/\/cgttenerife.org\/index.php?rest_route=%2Fwp%2Fv2%2Fmedia&parent=3698"}],"wp:term":[{"taxonomy":"category","embeddable":true,"href":"https:\/\/cgttenerife.org\/index.php?rest_route=%2Fwp%2Fv2%2Fcategories&post=3698"},{"taxonomy":"post_tag","embeddable":true,"href":"https:\/\/cgttenerife.org\/index.php?rest_route=%2Fwp%2Fv2%2Ftags&post=3698"}],"curies":[{"name":"wp","href":"https:\/\/api.w.org\/{rel}","templated":true}]}}