{"id":3673,"date":"2025-10-10T19:11:44","date_gmt":"2025-10-10T19:11:44","guid":{"rendered":"https:\/\/cgttenerife.org\/?p=3673"},"modified":"2025-10-10T19:12:32","modified_gmt":"2025-10-10T19:12:32","slug":"cgt-convoca-huelga-general-por-palestina-15-10-25","status":"publish","type":"post","link":"https:\/\/cgttenerife.org\/?p=3673","title":{"rendered":"CGT Convoca Huelga General por Palestina: 15\/10\/25"},"content":{"rendered":"<h2 style=\"text-align: center;\">CGT convoca Huelga General de 24 horas en todo el Estado espa\u00f1ol\u00a0 el pr\u00f3ximo 15 de octubre contra el genocidio y el apartheid en Palestina<\/h2>\n<div>Desde\u00a0<strong>CGT Tenerife\u00a0 <\/strong>llamamos a participar en la <strong>Huelga General de 24 horas del 15 de octubre<\/strong>. Asimismo animamos a toda la sociedad civil tinerfe\u00f1a a tomar parte en la <strong>concentraci\u00f3n convocada por CGT Tenerife, a las 18:00 horas en la Plaza Weyler de Santa Cruz , junto al bloque sindical combativo Co.Bas, Alternativa Soc. e Intersindical Canaria.<\/strong><img loading=\"lazy\" decoding=\"async\" class=\" wp-image-3675 alignright\" src=\"https:\/\/cgttenerife.org\/wp-content\/uploads\/2025\/10\/concentracion-214x300.jpg\" alt=\"\" width=\"272\" height=\"381\" srcset=\"https:\/\/cgttenerife.org\/wp-content\/uploads\/2025\/10\/concentracion-214x300.jpg 214w, https:\/\/cgttenerife.org\/wp-content\/uploads\/2025\/10\/concentracion.jpg 369w\" sizes=\"auto, (max-width: 272px) 100vw, 272px\" \/><\/div>\n<div><\/div>\n<div>Dicha convocatoria se hace m\u00e1s necesaria que nunca dada la situaci\u00f3n por la que atraviesa la clase trabajadora, y entre cuyas causas est\u00e1 la escalada b\u00e9lica que a nivel internacional dirige las prioridades de los gobiernos y sus representantes a un nuevo e importante rearme de sus ej\u00e9rcitos. En el caso espa\u00f1ol,\u00a0<strong>CGT\u00a0<\/strong>fundamenta la convocatoria de esta jornada de huelga en la lucha por una redistribuci\u00f3n del gasto p\u00fablico en favor de los trabajadores y de las trabajadoras, y contra el auge de la inversi\u00f3n p\u00fablica en partidas destinadas a la defensa y a la militarizaci\u00f3n.<\/div>\n<div>\n<div><\/div>\n<div>Entre los motivos que justifican la jornada de\u00a0<strong>huelga general<\/strong>\u00a0para el 15 de octubre est\u00e1n:<\/div>\n<ol>\n<li><strong>Genocidio israel\u00ed en Gaza y violaci\u00f3n de la legalidad internacional<\/strong>, porque a pesar de que el hostigamiento y los cr\u00edmenes de Israel sobre Palestina se mantienen desde hace d\u00e9cadas, el asedio que comenz\u00f3 en octubre de 2023 es ya uno de los m\u00e1s crueles por la crisis humanitaria que ha generado el\u00a0<strong>asesinato de m\u00e1s de 60.000 personas (el 30 % de ellas eran menores) y los casi 157.000 heridos<\/strong>. La Corte Internacional de Justicia ya ha declarado que Israel est\u00e1 cometiendo un crimen de genocidio sobre una poblaci\u00f3n totalmente desarmada y enferma.<\/li>\n<li><strong>Impacto social y pol\u00edtico de este genocidio en la sociedad espa\u00f1ola<\/strong>, como lo demuestran las innumerables acciones y movilizaciones que desde octubre de 2023 se vienen llevando a cabo desde la sociedad civil mayoritariamente, para evidencias los cr\u00edmenes de Israel y la pasividad de la Comunidad Internacional. En este sentido,\u00a0<strong>CGT\u00a0<\/strong>hace hincapi\u00e9 en la solidaridad mostrada hacia el pueblo palestino y en c\u00f3mo, a medida que han avanzado los meses, la gente ha ido asumiendo el dolor de los palestinos y las palestinas as\u00ed como el derecho que poseen a resistir, sobrevivir y defenderse, y como as\u00ed se vio el pasado 27 de septiembre de 2024 en la jornada de huelga general convocada tambi\u00e9n por nuestra organizaci\u00f3n y Solidaridad Obrera.<\/li>\n<li><strong>Impacto econ\u00f3mico del conflicto provocado por Israel<\/strong>, ya que las agresiones de este Estado no se han limitado \u00fanicamente al territorio palestino, sino que tambi\u00e9n han afectado a otros de la misma regi\u00f3n, como L\u00edbano, Ir\u00e1n, Irak, Siria y Yemen. La sinraz\u00f3n de Israel ha generado una gran inestabilidad en Oriente Pr\u00f3ximo que amenaza a la soberan\u00eda alimentaria y energ\u00e9tica, causa devaluaci\u00f3n de la moneda, agudiza las crisis de deuda y ralentiza que la clase trabajadora pueda recuperar el poder adquisitivo que manten\u00eda antes de la pandemia de Covid-19 en 2020.<\/li>\n<\/ol>\n<div>Esta situaci\u00f3n es preocupante a nivel mundial, pero en el caso espa\u00f1ol diferentes informes y estudios indican que la inflaci\u00f3n podr\u00eda dispararse todav\u00eda m\u00e1s desde el comienzo de la guerra en Ucrania (2021). No cabe ninguna duda que quienes pagar\u00edan las consecuencias de todo ello ser\u00edan los trabajadores y las trabajadoras en mayor medida.<\/div>\n<div><\/div>\n<div><strong>#PalestinaLibre #FreePalestine<\/strong><\/div>\n<\/div>\n<h2 style=\"text-align: center;\">Desde el r\u00edo hasta el mar, Palestina vencer\u00e1<\/h2>\n<div><\/div>\n<div><\/div>\n","protected":false},"excerpt":{"rendered":"<div class=\"mh-excerpt\"><p>CGT convoca Huelga General de 24 horas en todo el Estado espa\u00f1ol\u00a0 el pr\u00f3ximo 15 de octubre contra el genocidio y el apartheid en Palestina <a class=\"mh-excerpt-more\" href=\"https:\/\/cgttenerife.org\/?p=3673\" title=\"CGT Convoca Huelga General por Palestina: 15\/10\/25\">[&#8230;]<\/a><\/p>\n<\/div>","protected":false},"author":1,"featured_media":3674,"comment_status":"closed","ping_status":"closed","sticky":true,"template":"","format":"standard","meta":{"footnotes":""},"categories":[3,2,4,14],"tags":[108,631,697,634,630],"class_list":["post-3673","post","type-post","status-publish","format-standard","has-post-thumbnail","hentry","category-accion-sindical","category-accion-social","category-actualidad","category-interes-general","tag-cgt","tag-genocidio","tag-huelga-general","tag-israel","tag-palestina"],"_links":{"self":[{"href":"https:\/\/cgttenerife.org\/index.php?rest_route=\/wp\/v2\/posts\/3673","targetHints":{"allow":["GET"]}}],"collection":[{"href":"https:\/\/cgttenerife.org\/index.php?rest_route=\/wp\/v2\/posts"}],"about":[{"href":"https:\/\/cgttenerife.org\/index.php?rest_route=\/wp\/v2\/types\/post"}],"author":[{"embeddable":true,"href":"https:\/\/cgttenerife.org\/index.php?rest_route=\/wp\/v2\/users\/1"}],"replies":[{"embeddable":true,"href":"https:\/\/cgttenerife.org\/index.php?rest_route=%2Fwp%2Fv2%2Fcomments&post=3673"}],"version-history":[{"count":4,"href":"https:\/\/cgttenerife.org\/index.php?rest_route=\/wp\/v2\/posts\/3673\/revisions"}],"predecessor-version":[{"id":3678,"href":"https:\/\/cgttenerife.org\/index.php?rest_route=\/wp\/v2\/posts\/3673\/revisions\/3678"}],"wp:featuredmedia":[{"embeddable":true,"href":"https:\/\/cgttenerife.org\/index.php?rest_route=\/wp\/v2\/media\/3674"}],"wp:attachment":[{"href":"https:\/\/cgttenerife.org\/index.php?rest_route=%2Fwp%2Fv2%2Fmedia&parent=3673"}],"wp:term":[{"taxonomy":"category","embeddable":true,"href":"https:\/\/cgttenerife.org\/index.php?rest_route=%2Fwp%2Fv2%2Fcategories&post=3673"},{"taxonomy":"post_tag","embeddable":true,"href":"https:\/\/cgttenerife.org\/index.php?rest_route=%2Fwp%2Fv2%2Ftags&post=3673"}],"curies":[{"name":"wp","href":"https:\/\/api.w.org\/{rel}","templated":true}]}}