{"id":3645,"date":"2025-06-26T17:51:12","date_gmt":"2025-06-26T17:51:12","guid":{"rendered":"https:\/\/cgttenerife.org\/?p=3645"},"modified":"2025-06-26T17:52:07","modified_gmt":"2025-06-26T17:52:07","slug":"28j-campana-del-orgullo-lgtbiqa-2025-difunde-organiza-participa","status":"publish","type":"post","link":"https:\/\/cgttenerife.org\/?p=3645","title":{"rendered":"28J | Campa\u00f1a del Orgullo LGTBIQA+ 2025 \u2013 \u00a1Difunde, organiza, participa!"},"content":{"rendered":"<p>Se acerca el\u00a0<strong>28 de junio<\/strong>, D\u00eda Internacional del Orgullo LGTBIQA+, y desde CGT lanzamos una campa\u00f1a clara y combativa:\u00a0<strong>\u201cPor un Orgullo combativo y de clase\u201d<\/strong>. Porque el Orgullo no es una fiesta despolitizada ni una campa\u00f1a de marketing: es lucha, es memoria y es resistencia<img loading=\"lazy\" decoding=\"async\" class=\" wp-image-3646 alignright\" src=\"https:\/\/cgttenerife.org\/wp-content\/uploads\/2025\/06\/28J-201x300.jpg\" alt=\"\" width=\"332\" height=\"496\" srcset=\"https:\/\/cgttenerife.org\/wp-content\/uploads\/2025\/06\/28J-201x300.jpg 201w, https:\/\/cgttenerife.org\/wp-content\/uploads\/2025\/06\/28J.jpg 428w\" sizes=\"auto, (max-width: 332px) 100vw, 332px\" \/> organizada desde abajo.<\/p>\n<p><img loading=\"lazy\" decoding=\"async\" class=\"an1 CToWUd\" draggable=\"false\" src=\"https:\/\/fonts.gstatic.com\/s\/e\/notoemoji\/16.0\/1f517\/72.png\" alt=\"\ud83d\udd17\" width=\"41\" height=\"41\" data-emoji=\"\ud83d\udd17\" aria-label=\"\ud83d\udd17\" data-bit=\"iit\" \/>\u00a0<strong>Materiales para difusi\u00f3n<\/strong><br \/>\nYa est\u00e1n disponibles el cartel y la octavilla del manifiesto en formato editable para su posible traducci\u00f3n o adaptaci\u00f3n territorial:<\/p>\n<p><a href=\"https:\/\/box.cgt.org.es\/s\/keBrej7f458gGim\" target=\"_blank\" rel=\"noopener\" data-saferedirecturl=\"https:\/\/www.google.com\/url?q=https:\/\/box.cgt.org.es\/s\/keBrej7f458gGim&amp;source=gmail&amp;ust=1751044978119000&amp;usg=AOvVaw2Oy-BdoyLvBWPhPUlhnnN5\">https:\/\/box.cgt.org.es\/s\/<wbr \/>keBrej7f458gGim<\/a><\/p>\n<p><img loading=\"lazy\" decoding=\"async\" class=\"an1 CToWUd\" draggable=\"false\" src=\"https:\/\/fonts.gstatic.com\/s\/e\/notoemoji\/16.0\/1f4e2\/72.png\" alt=\"\ud83d\udce2\" width=\"33\" height=\"33\" data-emoji=\"\ud83d\udce2\" aria-label=\"\ud83d\udce2\" data-bit=\"iit\" \/>\u00a0<strong>Contenido del manifiesto<\/strong><br \/>\nEste a\u00f1o denunciamos con datos claros y contundentes:<\/p>\n<ul>\n<li>Las agresiones al colectivo se han duplicado en un a\u00f1o.<\/li>\n<li>1 de cada 4 j\u00f3venes LGTBIQA+ sufre acoso escolar, y el abandono escolar se dispara en el colectivo.<\/li>\n<li>30 % est\u00e1 en riesgo de pobreza, especialmente personas trans, migrantes o disidentes.<\/li>\n<li>Sigue la represi\u00f3n institucional y policial bajo pretextos como el \u201cchemsex\u201d.<\/li>\n<li>En el mundo, 62 pa\u00edses criminalizan las relaciones no heterosexuales; 12 lo hacen con la pena de muerte.<\/li>\n<\/ul>\n<p>Desde CGT\u00a0<strong>exigimos derechos reales<\/strong>: empleo, vivienda, educaci\u00f3n inclusiva, protecci\u00f3n social y una vida libre de violencia y criminalizaci\u00f3n. Y lo hacemos desde el sindicalismo de clase, comprometido con todas las formas de existencia disidente.<\/p>\n<p><img loading=\"lazy\" decoding=\"async\" class=\"an1 CToWUd\" draggable=\"false\" src=\"https:\/\/fonts.gstatic.com\/s\/e\/notoemoji\/16.0\/1f4f0\/72.png\" alt=\"\ud83d\udcf0\" width=\"38\" height=\"38\" data-emoji=\"\ud83d\udcf0\" aria-label=\"\ud83d\udcf0\" data-bit=\"iit\" \/>\u00a0Adem\u00e1s, la campa\u00f1a ha sido publicada en el n\u00famero de junio de\u00a0<em>Rojo y Negro<\/em>, centrado en las m\u00faltiples violencias que atravesamos. Os animamos a leerlo y difundirlo:<\/p>\n<p><a href=\"https:\/\/cgt.es\/n-rojo-y-negro\/rojo-y-negro-no-401-junio-2025\/\" target=\"_blank\" rel=\"noopener noreferrer\" data-saferedirecturl=\"https:\/\/www.google.com\/url?q=https:\/\/cgt.es\/n-rojo-y-negro\/rojo-y-negro-no-401-junio-2025\/&amp;source=gmail&amp;ust=1751044978119000&amp;usg=AOvVaw0aalbojWgAZHUWPv7l0shl\">https:\/\/cgt.es\/n-rojo-y-negro\/<wbr \/>rojo-y-negro-no-401-junio-<wbr \/>2025\/<\/a><\/p>\n<p><a href=\"https:\/\/cgt.es\/wp-content\/uploads\/2025\/06\/401-ryn-junio-2025.pdf\" target=\"_blank\" rel=\"noopener noreferrer\" data-saferedirecturl=\"https:\/\/www.google.com\/url?q=https:\/\/cgt.es\/wp-content\/uploads\/2025\/06\/401-ryn-junio-2025.pdf&amp;source=gmail&amp;ust=1751044978119000&amp;usg=AOvVaw2-qcLV1yvFI5tNaaTNJCpA\">https:\/\/cgt.es\/wp-content\/<wbr \/>uploads\/2025\/06\/401-ryn-junio-<wbr \/>2025.pdf<\/a><\/p>\n<p><img loading=\"lazy\" decoding=\"async\" class=\"an1 CToWUd\" draggable=\"false\" src=\"https:\/\/fonts.gstatic.com\/s\/e\/notoemoji\/16.0\/270a_1f3fd\/72.png\" alt=\"\u270a\ud83c\udffd\" width=\"44\" height=\"44\" data-emoji=\"\u270a\ud83c\udffd\" aria-label=\"\u270a\ud83c\udffd\" data-bit=\"iit\" \/>\u00a0<strong>Participa en las acciones del 28J<\/strong><br \/>\nInvitamos a toda la afiliaci\u00f3n a:<\/p>\n<ul>\n<li><strong>Organizar o sumarse a las convocatorias locales<\/strong>\u00a0que se impulsen desde sindicatos, territorios o movimientos afines.<\/li>\n<li><strong>Hacer visible la campa\u00f1a en redes, centros de trabajo, calles y espacios p\u00fablicos.<\/strong><\/li>\n<li><strong>Leer y compartir el manifiesto<\/strong>, reflexionar en asambleas y espacios sindicales sobre c\u00f3mo seguir construyendo espacios seguros y libres de discriminaci\u00f3n.<\/li>\n<\/ul>\n<p>Porque el Orgullo no se vende:\u00a0<strong>se lucha, se vive, se grita<\/strong>.<br \/>\nEste 28J,\u00a0<strong>nos vemos en las calles con fuerza y con dignidad<\/strong>.<\/p>\n<p>\u00a1Por un Orgullo combativo y de clase!<\/p>\n<p>Salud<\/p>\n","protected":false},"excerpt":{"rendered":"<div class=\"mh-excerpt\"><p>Se acerca el\u00a028 de junio, D\u00eda Internacional del Orgullo LGTBIQA+, y desde CGT lanzamos una campa\u00f1a clara y combativa:\u00a0\u201cPor un Orgullo combativo y de clase\u201d. <a class=\"mh-excerpt-more\" href=\"https:\/\/cgttenerife.org\/?p=3645\" title=\"28J | Campa\u00f1a del Orgullo LGTBIQA+ 2025 \u2013 \u00a1Difunde, organiza, participa!\">[&#8230;]<\/a><\/p>\n<\/div>","protected":false},"author":1,"featured_media":3646,"comment_status":"closed","ping_status":"closed","sticky":true,"template":"","format":"standard","meta":{"footnotes":""},"categories":[3,2,4,6,10],"tags":[720,722,718,719,721],"class_list":["post-3645","post","type-post","status-publish","format-standard","has-post-thumbnail","hentry","category-accion-sindical","category-accion-social","category-actualidad","category-comunicados","category-feminismo","tag-clase","tag-derechos-reales","tag-lgtbiqa","tag-orgullo","tag-represion"],"_links":{"self":[{"href":"https:\/\/cgttenerife.org\/index.php?rest_route=\/wp\/v2\/posts\/3645","targetHints":{"allow":["GET"]}}],"collection":[{"href":"https:\/\/cgttenerife.org\/index.php?rest_route=\/wp\/v2\/posts"}],"about":[{"href":"https:\/\/cgttenerife.org\/index.php?rest_route=\/wp\/v2\/types\/post"}],"author":[{"embeddable":true,"href":"https:\/\/cgttenerife.org\/index.php?rest_route=\/wp\/v2\/users\/1"}],"replies":[{"embeddable":true,"href":"https:\/\/cgttenerife.org\/index.php?rest_route=%2Fwp%2Fv2%2Fcomments&post=3645"}],"version-history":[{"count":1,"href":"https:\/\/cgttenerife.org\/index.php?rest_route=\/wp\/v2\/posts\/3645\/revisions"}],"predecessor-version":[{"id":3647,"href":"https:\/\/cgttenerife.org\/index.php?rest_route=\/wp\/v2\/posts\/3645\/revisions\/3647"}],"wp:featuredmedia":[{"embeddable":true,"href":"https:\/\/cgttenerife.org\/index.php?rest_route=\/wp\/v2\/media\/3646"}],"wp:attachment":[{"href":"https:\/\/cgttenerife.org\/index.php?rest_route=%2Fwp%2Fv2%2Fmedia&parent=3645"}],"wp:term":[{"taxonomy":"category","embeddable":true,"href":"https:\/\/cgttenerife.org\/index.php?rest_route=%2Fwp%2Fv2%2Fcategories&post=3645"},{"taxonomy":"post_tag","embeddable":true,"href":"https:\/\/cgttenerife.org\/index.php?rest_route=%2Fwp%2Fv2%2Ftags&post=3645"}],"curies":[{"name":"wp","href":"https:\/\/api.w.org\/{rel}","templated":true}]}}