{"id":346,"date":"2014-06-03T18:35:15","date_gmt":"2014-06-03T18:35:15","guid":{"rendered":"http:\/\/cgttenerife.wordpress.com\/?p=346"},"modified":"2023-01-29T14:43:06","modified_gmt":"2023-01-29T14:43:06","slug":"jaque-al-rey-y-ahora-que-franco-ha-muerto-quien-va-designar-el-nuevo-rey","status":"publish","type":"post","link":"https:\/\/cgttenerife.org\/?p=346","title":{"rendered":"\u00bfJaque al rey\u2026? Y ahora que Franco ha muerto\u2026 \u00bfQui\u00e9n va designar el nuevo Rey?"},"content":{"rendered":"<div id=\"content-header\">\n<h1 class=\"title\"><\/h1>\n<\/div>\n<div id=\"content-area\">\n<div id=\"node-4333\" class=\"node node clearfix node-type-story\">\n<div class=\"node-inner\">\n<div class=\"teaser\">\n<p style=\"text-align:justify;\">Desde CGT, ning\u00fan cambio sustancial esperamos de este r\u00e9gimen, aunque venga por \u201cley org\u00e1nica\u201d y el dictador ya haya muerto.<\/p>\n<\/div>\n<div class=\"author\" style=\"text-align:justify;\">\n<p>SECRETARIADO PERMANENTE DEL COMIT\u00c9 CONFEDERAL DE LA CGT<\/p>\n<\/div>\n<div class=\"content\">\n<div class=\"field-field-image\" style=\"text-align:justify;\"><img loading=\"lazy\" decoding=\"async\" class=\"imagecache imagecache-panel-200 alignleft\" src=\"http:\/\/www.cgt.org.es\/sites\/default\/files\/imagecache\/panel-200\/Franco%20Rey.jpg\" alt=\"\" width=\"200\" height=\"106\" \/><\/div>\n<p style=\"text-align:justify;\">Quienes avalan este \u201ccambio\u201d de\u2026\u201da rey muerto (o abdicado, -que es lo mismo-), rey puesto\u201d\u2026 son los mismos que avalaron la Transici\u00f3n y se alinearon directamente con un r\u00e9gimen donde todo quedaba atado y bien atado, como para ni siquiera poder revisar, reparar y hacer justicia sobre el genocidio y masacre m\u00e1s grande habido en la historia despu\u00e9s del de Camboya. Nosotros y nosotras NO olvidamos y exigimos Justicia con quienes son herederos y avaladores de este r\u00e9gimen.<\/p>\n<p style=\"text-align:justify;\">Quienes avalan este \u201ccambio\u201d son los mismos que han sancionado la reforma Constitucional del art\u00edculo 135 donde se asegura que siempre habr\u00e1 dinero para pagar a los banqueros y acreedores de una deuda ileg\u00edtima y que no le corresponde a los ciudadanos y ciudadanas de este Estado. Son los mismos que no les ha temblado el pulso para hacer leyes como las Reformas Laborales y de Pensiones que condenan a la mayor\u00eda de la poblaci\u00f3n a la precariedad, la exclusi\u00f3n y el sin-futuro a m\u00e1s de 1 mill\u00f3n de j\u00f3venes actuales y las generaciones futuras.<\/p>\n<p style=\"text-align:justify;\">Quienes avalan este \u201ccambio\u201d son quienes han creado las leyes de Impunidad, para no juzgar a criminales de guerra, de lesa humanidad y genocidas. Adem\u00e1s criminalizan y meten en la c\u00e1rcel a trabajadores y trabajadoras, sindicalistas o personas militantes de los movimientos sociales por el hecho de ejercer la libertad de expresi\u00f3n, manifestaci\u00f3n y\/o huelga y, a los grandes empresarios (grandes defraudadores de la hacienda p\u00fablica), a los banqueros y a los financieros, se les entrega todo lo p\u00fablico (educaci\u00f3n, sanidad, cuidados, cultura, etc.) en forma de cientos de miles de millones de euros expoliados de lo com\u00fan, de lo de todos y todas.<\/p>\n<p style=\"text-align:justify;\">Quienes avalan este \u201ccambio\u201d ni siquiera son capaces de enterarse de que la mayor\u00eda m\u00e1s absoluta y aplastante de la poblaci\u00f3n del estado espa\u00f1ol, ha dicho NO\u00a0 a este r\u00e9gimen, a todo el r\u00e9gimen: la jefatura del Estado, la forma de gobierno, el poder judicial, el poder empresarial, la partidocracia y el sometimiento a la Troika.<\/p>\n<p style=\"text-align:justify;\">Su deslegitimaci\u00f3n es proporcional al nivel de las leyes represivas y eliminadoras de derechos y libertades (Ley de Seguridad Ciudadana, Ley de Reforma del Mercado de Trabajo y de la Seguridad Social, Ley del Aborto, Ley de la Jurisdicci\u00f3n Universal, Ley de la Educaci\u00f3n, reforma del C\u00f3digo Penal, Ley Financiera, etc\u2026) que vienen sacando a golpe de BOE y nos retrotrae a sistemas totalitarios.<\/p>\n<p style=\"text-align:justify;\">Desde CGT defendemos nuestro ideario libertario: autogesti\u00f3n, defensa a ultranza de las personas libres y aut\u00f3nomas y democracia directa. Este es el modelo de sociedad que defendemos\u00a0 y que queremos posible aqu\u00ed y ahora, para una vida digna para todos y todas y con respeto por la naturaleza y el medio ambiente, a la vez que es la \u00fanica garant\u00eda de que las siguientes generaciones tengan futuro.<\/p>\n<\/div>\n<\/div>\n<\/div>\n<\/div>\n","protected":false},"excerpt":{"rendered":"<div class=\"mh-excerpt\"><p>Desde CGT, ning\u00fan cambio sustancial esperamos de este r\u00e9gimen, aunque venga por \u201cley org\u00e1nica\u201d y el dictador ya haya muerto. SECRETARIADO PERMANENTE DEL COMIT\u00c9 CONFEDERAL <a class=\"mh-excerpt-more\" href=\"https:\/\/cgttenerife.org\/?p=346\" title=\"\u00bfJaque al rey\u2026? Y ahora que Franco ha muerto\u2026 \u00bfQui\u00e9n va designar el nuevo Rey?\">[&#8230;]<\/a><\/p>\n<\/div>","protected":false},"author":1,"featured_media":0,"comment_status":"closed","ping_status":"closed","sticky":false,"template":"","format":"gallery","meta":{"footnotes":""},"categories":[4],"tags":[],"class_list":["post-346","post","type-post","status-publish","format-gallery","hentry","category-actualidad","post_format-post-format-gallery"],"_links":{"self":[{"href":"https:\/\/cgttenerife.org\/index.php?rest_route=\/wp\/v2\/posts\/346","targetHints":{"allow":["GET"]}}],"collection":[{"href":"https:\/\/cgttenerife.org\/index.php?rest_route=\/wp\/v2\/posts"}],"about":[{"href":"https:\/\/cgttenerife.org\/index.php?rest_route=\/wp\/v2\/types\/post"}],"author":[{"embeddable":true,"href":"https:\/\/cgttenerife.org\/index.php?rest_route=\/wp\/v2\/users\/1"}],"replies":[{"embeddable":true,"href":"https:\/\/cgttenerife.org\/index.php?rest_route=%2Fwp%2Fv2%2Fcomments&post=346"}],"version-history":[{"count":1,"href":"https:\/\/cgttenerife.org\/index.php?rest_route=\/wp\/v2\/posts\/346\/revisions"}],"predecessor-version":[{"id":2886,"href":"https:\/\/cgttenerife.org\/index.php?rest_route=\/wp\/v2\/posts\/346\/revisions\/2886"}],"wp:attachment":[{"href":"https:\/\/cgttenerife.org\/index.php?rest_route=%2Fwp%2Fv2%2Fmedia&parent=346"}],"wp:term":[{"taxonomy":"category","embeddable":true,"href":"https:\/\/cgttenerife.org\/index.php?rest_route=%2Fwp%2Fv2%2Fcategories&post=346"},{"taxonomy":"post_tag","embeddable":true,"href":"https:\/\/cgttenerife.org\/index.php?rest_route=%2Fwp%2Fv2%2Ftags&post=346"}],"curies":[{"name":"wp","href":"https:\/\/api.w.org\/{rel}","templated":true}]}}