{"id":343,"date":"2014-06-08T18:32:32","date_gmt":"2014-06-08T18:32:32","guid":{"rendered":"http:\/\/cgttenerife.wordpress.com\/?p=343"},"modified":"2023-01-29T14:43:06","modified_gmt":"2023-01-29T14:43:06","slug":"ni-en-brasil-ni-en-ninguna-parte-deben-desaparecer-las-luchas-o-las-libertades-debido-al-mundial-de-futbol","status":"publish","type":"post","link":"https:\/\/cgttenerife.org\/?p=343","title":{"rendered":"Ni en Brasil ni en ninguna parte deben desaparecer las luchas o las libertades debido al Mundial de futbol"},"content":{"rendered":"<div id=\"content-header\"><\/div>\n<div id=\"content-area\">\n<div id=\"node-4337\" class=\"node node clearfix node-type-story\">\n<div class=\"node-inner\">\n<div class=\"teaser\">\n<p>Entre el 12 de junio y el 13 de julio se celebrar\u00e1 en Brasil el Mundial \u00a0de futbol. Este pa\u00eds acoger\u00e1 tambi\u00e9n los juegos ol\u00edmpicos en 2016. La organizaci\u00f3n de estos acontecimientos deportivos y comerciales ha requerido una inversi\u00f3n colosal, mientras que muchas de las necesidades b\u00e1sicas de la poblaci\u00f3n contin\u00faan lejos de ser satisfechas.<\/p>\n<\/div>\n<div class=\"author\">\n<p>CGT INTERNACIONAL<\/p>\n<\/div>\n<div class=\"content\">\n<div class=\"field-field-image\"><img loading=\"lazy\" decoding=\"async\" class=\"imagecache imagecache-panel-200 alignleft\" src=\"http:\/\/www.cgt.org.es\/sites\/default\/files\/imagecache\/panel-200\/protestas_brasil_partido_ap4.jpg\" alt=\"\" width=\"200\" height=\"145\" \/><\/div>\n<p>La Federaci\u00f3n Internacional de Futbol (FIFA) y el Comit\u00e9 Ol\u00edmpico Internacional (COI) tienen la detestable costumbre\u00a0 de acomodarse sin mayor problema a los reg\u00edmenes totalitarios.<\/p>\n<p>La FIFA, el COI y los estados \u00a0que mantienen estos organismos \u00a0subvencion\u00e1ndolos con grandes sumas procedentes del erario p\u00fablico, desprecian a las poblaciones residentes en los pa\u00edses sede de las competiciones deportivas internacionales: gastos suntuosos, importantes desplazamientos de poblaci\u00f3n y represi\u00f3n son los acompa\u00f1antes habituales de estos iniciativas, a las que el pa\u00eds brasile\u00f1o no es ajeno.<\/p>\n<p>Afirmamos nuestra solidaridad con todas las personas que, en Brasil, rechazan que el Mundial de futbol sirva como pretexto para la implementaci\u00f3n de graves medidas que atacan directamente a la poblaci\u00f3n, particularmente a los m\u00e1s pobres, y que apuntan directamente a aquellas personas que resisten y exigen el respeto\u00a0 a los derechos fundamentales:<\/p>\n<ul>\n<li><strong>Proyecto de ley que ampl\u00eda peligrosamente el <\/strong><strong>recurso a medidas \u201cantiterroristas\u201d.<\/strong><\/li>\n<\/ul>\n<ul>\n<li><strong>Prohibici\u00f3n y represi\u00f3n de manifestaciones.<\/strong><\/li>\n<\/ul>\n<ul>\n<li><strong>Campa\u00f1as difamatorias contra las personas que se oponen y cuestionan la restricci\u00f3n de las libertades.<\/strong><\/li>\n<\/ul>\n<ul>\n<li><strong>Ocupaci\u00f3n de favelas por parte de las fuerzas militares y policiales, prolongando las innumerables expulsiones provocadas por las obras del Mundial y los Juegos Ol\u00edmpicos de 2016. M\u00e1s de 170.000 familias han sido desalojadas de sus viviendas.<\/strong><\/li>\n<\/ul>\n<ul>\n<li><strong>Organizaci\u00f3n por parte de las mafias de redes de prostituci\u00f3n a gran escala en todas sedes de la competici\u00f3n), con lo que ello conlleva implica en t\u00e9rminos de violencia y negaci\u00f3n de los derechos humanos.<\/strong><\/li>\n<\/ul>\n<p>Organizaciones sindicales y movimientos pol\u00edticos brasile\u00f1os organizan las resistencias, que no cesar\u00e1n, con raz\u00f3n, \u00a0por ning\u00fan mundial de f\u00fatbol. \u00a0\u00ab El dinero se entrega a la FIFA y a las empresas. Queremos ese dinero para salud, educaci\u00f3n, vivienda, transporte p\u00fablico y reforma agraria\u201d afirman llenos de raz\u00f3n.<\/p>\n<p>Una vez m\u00e1s, un \u201cgran acontecimiento deportivo\u201d, que se traduce en miles de millones de beneficios (durante y despu\u00e9s del Mundial) para las multinacionales de la construcci\u00f3n, de los medios de comunicaci\u00f3n, las empresas\u2026, es el pretexto para perpetrar graves ataques contra la clase trabajadora, contra los m\u00e1s pobres, contra las libertades de todas las personas.<\/p>\n<p>Las gigantescas manifestaciones que tuvieron lugar en numerosas ciudades brasile\u00f1as el pasado verano sacaron a la luz los problemas sociales del pa\u00eds. Cada d\u00eda se celebran huelgas y acciones que muestran como los trabajadores y trabajadoras no dejaran de luchar por sus leg\u00edtimas reivindicaciones durante el Mundial: los y las sin tierra luchan sin descanso por la supervivencia de millones de personas; contin\u00faa la pelea \u00a0por la vivienda al tiempo que el ej\u00e9rcito destruye los barrios de chabolas sin preocuparse lo m\u00e1s m\u00ednimo por sus habitantes; cada d\u00eda tienen lugar m\u00e1s manifestaciones; se llevan a cabo experiencias autogestionarias de reapropiaci\u00f3n de tierras, medios de producci\u00f3n y espacios de vida\u2026 Somos solidarios: su lucha es nuestra lucha.<\/p>\n<p>Nuestras organizaciones recogen y difunden informaci\u00f3n sobre la situaci\u00f3n social, los Derechos Humanos en Brasil y las acciones populares que se llevan a cabo (boletines, reuniones, torneos de futbol\u2026)<\/p>\n<p>En varias ciudades europeas se est\u00e1n organizando encuentros el 12 de junio, d\u00eda en que dar\u00e1 comienzo el Mundial, al tiempo que en las calles de Brasil se celebrar\u00e1n importantes manifestaciones.<\/p>\n<p>Red europea de los sindicatos alternativos y de base<\/p>\n<\/div>\n<\/div>\n<\/div>\n<\/div>\n","protected":false},"excerpt":{"rendered":"<div class=\"mh-excerpt\"><p>Entre el 12 de junio y el 13 de julio se celebrar\u00e1 en Brasil el Mundial \u00a0de futbol. Este pa\u00eds acoger\u00e1 tambi\u00e9n los juegos ol\u00edmpicos <a class=\"mh-excerpt-more\" href=\"https:\/\/cgttenerife.org\/?p=343\" title=\"Ni en Brasil ni en ninguna parte deben desaparecer las luchas o las libertades debido al Mundial de futbol\">[&#8230;]<\/a><\/p>\n<\/div>","protected":false},"author":1,"featured_media":0,"comment_status":"closed","ping_status":"closed","sticky":false,"template":"","format":"gallery","meta":{"footnotes":""},"categories":[4],"tags":[],"class_list":["post-343","post","type-post","status-publish","format-gallery","hentry","category-actualidad","post_format-post-format-gallery"],"_links":{"self":[{"href":"https:\/\/cgttenerife.org\/index.php?rest_route=\/wp\/v2\/posts\/343","targetHints":{"allow":["GET"]}}],"collection":[{"href":"https:\/\/cgttenerife.org\/index.php?rest_route=\/wp\/v2\/posts"}],"about":[{"href":"https:\/\/cgttenerife.org\/index.php?rest_route=\/wp\/v2\/types\/post"}],"author":[{"embeddable":true,"href":"https:\/\/cgttenerife.org\/index.php?rest_route=\/wp\/v2\/users\/1"}],"replies":[{"embeddable":true,"href":"https:\/\/cgttenerife.org\/index.php?rest_route=%2Fwp%2Fv2%2Fcomments&post=343"}],"version-history":[{"count":1,"href":"https:\/\/cgttenerife.org\/index.php?rest_route=\/wp\/v2\/posts\/343\/revisions"}],"predecessor-version":[{"id":2885,"href":"https:\/\/cgttenerife.org\/index.php?rest_route=\/wp\/v2\/posts\/343\/revisions\/2885"}],"wp:attachment":[{"href":"https:\/\/cgttenerife.org\/index.php?rest_route=%2Fwp%2Fv2%2Fmedia&parent=343"}],"wp:term":[{"taxonomy":"category","embeddable":true,"href":"https:\/\/cgttenerife.org\/index.php?rest_route=%2Fwp%2Fv2%2Fcategories&post=343"},{"taxonomy":"post_tag","embeddable":true,"href":"https:\/\/cgttenerife.org\/index.php?rest_route=%2Fwp%2Fv2%2Ftags&post=343"}],"curies":[{"name":"wp","href":"https:\/\/api.w.org\/{rel}","templated":true}]}}