{"id":1869,"date":"2021-10-19T14:16:28","date_gmt":"2021-10-19T13:16:28","guid":{"rendered":"https:\/\/cgttenerife.wordpress.com\/2021\/10\/19\/sepe-empleo_sepe-4\/"},"modified":"2023-01-29T14:42:34","modified_gmt":"2023-01-29T14:42:34","slug":"sepe-empleo_sepe-4","status":"publish","type":"post","link":"https:\/\/cgttenerife.org\/?p=1869","title":{"rendered":"SEPE @empleo_SEPE"},"content":{"rendered":"\n<p>\ud83d\udce3 Recuerda que la pr\u00f3rroga de los ERTE por COVID-19 establece:<\/p>\n\n\n\n<p>\ud83d\udd38 Pr\u00f3rroga de los ERTE actuales hasta el 31 de octubre<br \/>\ud83d\udd38 Nueva modalidad de ERTE a partir del 1 de noviembre para la que era obligatorio solicitar a la autoridad laboral su pr\u00f3rroga entre el 1 y el 15 de octubre<\/p>\n\n\n\n<figure class=\"wp-block-image\"><img decoding=\"async\" src=\"https:\/\/cgttenerife.files.wordpress.com\/2021\/10\/fa3fd0a3-e20b-4a56-a72e-49502dab90ba-2468-000001041dd33a41_file.jpg\" alt=\"\" class=\"wp-image-1868\" \/><\/figure>\n\n\n\n<p>\ud83d\udd39Ya puedes descargar la Gu\u00eda b\u00e1sica de tramitaci\u00f3n de prestaciones ERTE COVID-19 \ud83d\udc49 <\/p>\n","protected":false},"excerpt":{"rendered":"<div class=\"mh-excerpt\"><p>\ud83d\udce3 Recuerda que la pr\u00f3rroga de los ERTE por COVID-19 establece: \ud83d\udd38 Pr\u00f3rroga de los ERTE actuales hasta el 31 de octubre\ud83d\udd38 Nueva modalidad de <a class=\"mh-excerpt-more\" href=\"https:\/\/cgttenerife.org\/?p=1869\" title=\"SEPE @empleo_SEPE\">[&#8230;]<\/a><\/p>\n<\/div>","protected":false},"author":1,"featured_media":0,"comment_status":"closed","ping_status":"closed","sticky":false,"template":"","format":"gallery","meta":{"footnotes":""},"categories":[4,6],"tags":[196,198,204,256,398,391,480,481,482,483,484],"class_list":["post-1869","post","type-post","status-publish","format-gallery","hentry","category-actualidad","category-comunicados","tag-empleo","tag-en-presas","tag-ertes","tag-guia-basica","tag-prestaciones","tag-prorroga","tag-trabajador","tag-trabajadora","tag-trabajadoras","tag-trabajadores","tag-trabajo","post_format-post-format-gallery"],"_links":{"self":[{"href":"https:\/\/cgttenerife.org\/index.php?rest_route=\/wp\/v2\/posts\/1869","targetHints":{"allow":["GET"]}}],"collection":[{"href":"https:\/\/cgttenerife.org\/index.php?rest_route=\/wp\/v2\/posts"}],"about":[{"href":"https:\/\/cgttenerife.org\/index.php?rest_route=\/wp\/v2\/types\/post"}],"author":[{"embeddable":true,"href":"https:\/\/cgttenerife.org\/index.php?rest_route=\/wp\/v2\/users\/1"}],"replies":[{"embeddable":true,"href":"https:\/\/cgttenerife.org\/index.php?rest_route=%2Fwp%2Fv2%2Fcomments&post=1869"}],"version-history":[{"count":1,"href":"https:\/\/cgttenerife.org\/index.php?rest_route=\/wp\/v2\/posts\/1869\/revisions"}],"predecessor-version":[{"id":2644,"href":"https:\/\/cgttenerife.org\/index.php?rest_route=\/wp\/v2\/posts\/1869\/revisions\/2644"}],"wp:attachment":[{"href":"https:\/\/cgttenerife.org\/index.php?rest_route=%2Fwp%2Fv2%2Fmedia&parent=1869"}],"wp:term":[{"taxonomy":"category","embeddable":true,"href":"https:\/\/cgttenerife.org\/index.php?rest_route=%2Fwp%2Fv2%2Fcategories&post=1869"},{"taxonomy":"post_tag","embeddable":true,"href":"https:\/\/cgttenerife.org\/index.php?rest_route=%2Fwp%2Fv2%2Ftags&post=1869"}],"curies":[{"name":"wp","href":"https:\/\/api.w.org\/{rel}","templated":true}]}}