{"id":1230,"date":"2021-02-25T12:56:52","date_gmt":"2021-02-25T12:56:52","guid":{"rendered":"https:\/\/cgttenerife.wordpress.com\/?p=1230"},"modified":"2023-01-29T14:42:54","modified_gmt":"2023-01-29T14:42:54","slug":"8-de-marzo-de-2021el-miedo-paraliza-el-anarcofeminismo-moviliza","status":"publish","type":"post","link":"https:\/\/cgttenerife.org\/?p=1230","title":{"rendered":"8 de Marzo de 2021\u00a1El miedo paraliza, el anarcofeminismo moviliza!"},"content":{"rendered":"\n<figure class=\"wp-block-gallery columns-1 is-cropped wp-block-gallery-1 is-layout-flex wp-block-gallery-is-layout-flex\"><ul class=\"blocks-gallery-grid\"><li class=\"blocks-gallery-item\"><figure><a href=\"https:\/\/cgttenerife.files.wordpress.com\/2021\/02\/cartel-8-marzo-2021-animado.gif?w=730\"><img decoding=\"async\" src=\"https:\/\/cgttenerife.files.wordpress.com\/2021\/02\/cartel-8-marzo-2021-animado.gif?w=730\" alt=\"\" data-id=\"1231\" data-link=\"https:\/\/cgttenerife.wordpress.com\/cartel-8-marzo-2021-animado\/\" class=\"wp-image-1231\" \/><\/a><\/figure><\/li><\/ul><\/figure>\n\n\n\n<p><strong><em>Haz click aqu\u00ed, para leer el manifiesto<\/em><\/strong>.<\/p>\n\n\n\n<p class=\"has-vivid-purple-color has-text-color\"><strong>Una vez m\u00e1s, la patronal, la clase pol\u00edtica y los sindicatos verticales se han unido para atentar contra la clase trabajadora, invisibilizando y silenciando a\u00fan m\u00e1s las desigualdades que sufrimos las mujeres.<\/strong><\/p>\n\n\n\n<p class=\"has-vivid-purple-color has-text-color\"><strong>La reanudaci\u00f3n paulatina de la actividad en los servicios no esenciales, la estafa del permiso retribuido recuperable, el teletrabajo reconocido como medida de conciliaci\u00f3n y no como medida preventiva para evitar la exposi\u00f3n al contagio del covid 19, la omisi\u00f3n de permisos retribuidos para conciliar, las escasas medidas de protecci\u00f3n en los centros de trabajo y la p\u00e9rdida de empleo que ha derivado en muchos casos en la perdida de la vivienda, han azotado con mayor intensidad en los sectores feminizados y en consecuencia sobre las mujeres y las familias monomarentales, someti\u00e9ndonos al aumento de todas las brechas que sufrimos por el hecho de ser mujer y clase trabajadora.<\/strong><\/p>\n\n\n\n<p class=\"has-vivid-purple-color has-text-color\"><strong>Aprovechando la pandemia el estado ha creado unas medidas m\u00e1s represivas para nosotras. Mientras nos encarcelan dentro de nuestras casas, conden\u00e1ndonos a la sobrecarga que supone asumir todos los cuidados y paralizan nuestras vidas, nos obligan a mantener activo el sistema capitalista a trav\u00e9s del teletrabajo. Vulneran nuestros derechos conquistados (implantando ERTE, flexibilizaci\u00f3n total de horarios\u2026) dando as\u00ed, continuidad a la aspiraci\u00f3n eterna de la patronal que poco a poco va consiguiendo su prop\u00f3sito: trabajadoras disponibles en un breve espacio de tiempo, sin derechos y sin protestas.<\/strong><\/p>\n\n\n\n<p class=\"has-black-color has-text-color\"><strong>Nombrar y visibilizar las desigualdades que sufrimos es imprescindible para tomar consciencia hacia esa transformaci\u00f3n por un mundo libre e igual.<\/strong><\/p>\n\n\n\n<p class=\"has-black-color has-text-color\"><strong>Una vez m\u00e1s, las mujeres nos hemos autoorganizado para cubrir todas esas carencias que la clase pol\u00edtica no ha querido resarcir. Nosotras mismas hemos creado redes de apoyo para ayudar a las personas vulneradas, a las mujeres que han sido encerradas con su maltratador y a todo ese gran sector feminizado que forma parte de la econom\u00eda sumergida y son olvidadas por los medios de comunicaci\u00f3n y los estados.<\/strong><\/p>\n\n\n\n<p class=\"has-black-color has-text-color\"><strong>La educaci\u00f3n feminista y la autoorganizaci\u00f3n de las mujeres son nuestras principales herramientas.<\/strong><\/p>\n\n\n\n<p class=\"has-black-color has-text-color\"><strong>Somos anarcofeministas, queremos un mundo nuevo, pero no esta nueva normalidad.<\/strong><\/p>\n\n\n\n<p class=\"has-black-color has-text-color\"><strong>Por ello, llamamos a la revoluci\u00f3n, para juntas, destruir la sociedad machista y heteropatriarcal que nos asfixia y que busca la desintegraci\u00f3n de nuestra fuerza feminista.<\/strong><\/p>\n\n\n\n<p class=\"has-black-color has-text-color\"><strong>Por un mundo en el que la igualdad no sea una utop\u00eda, sino esa realidad que las mujeres libres luchamos por construir<\/strong><\/p>\n\n\n\n<hr class=\"wp-block-separator\" \/>\n\n\n\n<p><strong>Fuente<\/strong>: CGT<\/p>\n","protected":false},"excerpt":{"rendered":"<div class=\"mh-excerpt\"><p>Haz click aqu\u00ed, para leer el manifiesto. Una vez m\u00e1s, la patronal, la clase pol\u00edtica y los sindicatos verticales se han unido para atentar contra <a class=\"mh-excerpt-more\" href=\"https:\/\/cgttenerife.org\/?p=1230\" title=\"8 de Marzo de 2021\u00a1El miedo paraliza, el anarcofeminismo moviliza!\">[&#8230;]<\/a><\/p>\n<\/div>","protected":false},"author":1,"featured_media":0,"comment_status":"closed","ping_status":"closed","sticky":false,"template":"","format":"gallery","meta":{"footnotes":""},"categories":[4],"tags":[],"class_list":["post-1230","post","type-post","status-publish","format-gallery","hentry","category-actualidad","post_format-post-format-gallery"],"_links":{"self":[{"href":"https:\/\/cgttenerife.org\/index.php?rest_route=\/wp\/v2\/posts\/1230","targetHints":{"allow":["GET"]}}],"collection":[{"href":"https:\/\/cgttenerife.org\/index.php?rest_route=\/wp\/v2\/posts"}],"about":[{"href":"https:\/\/cgttenerife.org\/index.php?rest_route=\/wp\/v2\/types\/post"}],"author":[{"embeddable":true,"href":"https:\/\/cgttenerife.org\/index.php?rest_route=\/wp\/v2\/users\/1"}],"replies":[{"embeddable":true,"href":"https:\/\/cgttenerife.org\/index.php?rest_route=%2Fwp%2Fv2%2Fcomments&post=1230"}],"version-history":[{"count":1,"href":"https:\/\/cgttenerife.org\/index.php?rest_route=\/wp\/v2\/posts\/1230\/revisions"}],"predecessor-version":[{"id":2781,"href":"https:\/\/cgttenerife.org\/index.php?rest_route=\/wp\/v2\/posts\/1230\/revisions\/2781"}],"wp:attachment":[{"href":"https:\/\/cgttenerife.org\/index.php?rest_route=%2Fwp%2Fv2%2Fmedia&parent=1230"}],"wp:term":[{"taxonomy":"category","embeddable":true,"href":"https:\/\/cgttenerife.org\/index.php?rest_route=%2Fwp%2Fv2%2Fcategories&post=1230"},{"taxonomy":"post_tag","embeddable":true,"href":"https:\/\/cgttenerife.org\/index.php?rest_route=%2Fwp%2Fv2%2Ftags&post=1230"}],"curies":[{"name":"wp","href":"https:\/\/api.w.org\/{rel}","templated":true}]}}