{"id":1204,"date":"2021-02-02T17:05:19","date_gmt":"2021-02-02T17:05:19","guid":{"rendered":"https:\/\/cgttenerife.wordpress.com\/?p=1204"},"modified":"2023-01-29T14:42:55","modified_gmt":"2023-01-29T14:42:55","slug":"salario-minimo-interprofesional-en-2021","status":"publish","type":"post","link":"https:\/\/cgttenerife.org\/?p=1204","title":{"rendered":"SALARIO M\u00cdNIMO INTERPROFESIONAL EN 2021."},"content":{"rendered":"\n<figure class=\"wp-block-gallery columns-0 is-cropped wp-block-gallery-1 is-layout-flex wp-block-gallery-is-layout-flex\"><ul class=\"blocks-gallery-grid\"><\/ul><\/figure>\n\n\n\n<p>El <a href=\"https:\/\/www.boe.es\/boe\/dias\/2020\/12\/30\/pdfs\/BOE-A-2020-17266.pdf\"><strong><em>Real Decreto-ley 38\/2020<\/em><\/strong><\/a>, de 29 de diciembre, por el que se adoptan medidas de adaptaci\u00f3n a la situaci\u00f3n de Estado tercero del Reino Unido de Gran Breta\u00f1a e Irlanda del Norte tras la finalizaci\u00f3n del periodo transitorio previsto en el Acuerdo sobre la retirada del Reino Unido de Gran Breta\u00f1a e Irlanda del Norte de la Uni\u00f3n Europea y de la Comunidad Europea de la Energ\u00eda At\u00f3mica, de 31 de enero de 2020, prorroga la vigencia del <a rel=\"noreferrer noopener\" href=\"https:\/\/www.boe.es\/boe\/dias\/2020\/02\/05\/pdfs\/BOE-A-2020-1652.pdf\" target=\"_blank\"><strong><em>Real Decreto 231\/2020<\/em><\/strong><\/a>, de 4 de febrero, por el que se fija el salario m\u00ednimo interprofesional para 2020.<\/p>\n\n\n\n<p>En consecuencia, mientras no se publique otra norma al respecto, el Salario M\u00ednimo Interprofesional (SMI 2021) se mantiene en la cuant\u00eda de 950,00 euros mensuales en catorce pagas, lo que equivale a 13.300,00 euros anuales.<\/p>\n","protected":false},"excerpt":{"rendered":"<div class=\"mh-excerpt\"><p>El Real Decreto-ley 38\/2020, de 29 de diciembre, por el que se adoptan medidas de adaptaci\u00f3n a la situaci\u00f3n de Estado tercero del Reino Unido <a class=\"mh-excerpt-more\" href=\"https:\/\/cgttenerife.org\/?p=1204\" title=\"SALARIO M\u00cdNIMO INTERPROFESIONAL EN 2021.\">[&#8230;]<\/a><\/p>\n<\/div>","protected":false},"author":1,"featured_media":0,"comment_status":"closed","ping_status":"closed","sticky":false,"template":"","format":"standard","meta":{"footnotes":""},"categories":[4],"tags":[],"class_list":["post-1204","post","type-post","status-publish","format-standard","hentry","category-actualidad"],"_links":{"self":[{"href":"https:\/\/cgttenerife.org\/index.php?rest_route=\/wp\/v2\/posts\/1204","targetHints":{"allow":["GET"]}}],"collection":[{"href":"https:\/\/cgttenerife.org\/index.php?rest_route=\/wp\/v2\/posts"}],"about":[{"href":"https:\/\/cgttenerife.org\/index.php?rest_route=\/wp\/v2\/types\/post"}],"author":[{"embeddable":true,"href":"https:\/\/cgttenerife.org\/index.php?rest_route=\/wp\/v2\/users\/1"}],"replies":[{"embeddable":true,"href":"https:\/\/cgttenerife.org\/index.php?rest_route=%2Fwp%2Fv2%2Fcomments&post=1204"}],"version-history":[{"count":1,"href":"https:\/\/cgttenerife.org\/index.php?rest_route=\/wp\/v2\/posts\/1204\/revisions"}],"predecessor-version":[{"id":2784,"href":"https:\/\/cgttenerife.org\/index.php?rest_route=\/wp\/v2\/posts\/1204\/revisions\/2784"}],"wp:attachment":[{"href":"https:\/\/cgttenerife.org\/index.php?rest_route=%2Fwp%2Fv2%2Fmedia&parent=1204"}],"wp:term":[{"taxonomy":"category","embeddable":true,"href":"https:\/\/cgttenerife.org\/index.php?rest_route=%2Fwp%2Fv2%2Fcategories&post=1204"},{"taxonomy":"post_tag","embeddable":true,"href":"https:\/\/cgttenerife.org\/index.php?rest_route=%2Fwp%2Fv2%2Ftags&post=1204"}],"curies":[{"name":"wp","href":"https:\/\/api.w.org\/{rel}","templated":true}]}}