{"id":1012,"date":"2018-10-20T22:22:07","date_gmt":"2018-10-20T22:22:07","guid":{"rendered":"https:\/\/cgttenerife.wordpress.com\/?p=1012"},"modified":"2023-01-29T14:42:55","modified_gmt":"2023-01-29T14:42:55","slug":"y-franco-salio-de-tenerife","status":"publish","type":"post","link":"https:\/\/cgttenerife.org\/?p=1012","title":{"rendered":"&#8230;Y FRANCO SALI\u00d3 DE TENERIFE"},"content":{"rendered":"<h2>Ramiro Rivas Garc\u00eda presenta su libro<img loading=\"lazy\" decoding=\"async\" class=\"alignnone size-full wp-image-1013\" src=\"https:\/\/cgttenerife.files.wordpress.com\/2018\/10\/e7843ec6-c0f5-49c8-b476-05f42dce971b.jpeg\" alt=\"E7843EC6-C0F5-49C8-B476-05F42DCE971B\" width=\"1131\" height=\"1600\" \/><\/h2>\n<p>El pr\u00f3ximo jueves 25 de octubre a las 18h, <a href=\"http:\/\/laertes.es\/rivas-garcia-ramiro\" target=\"_blank\" rel=\"noopener\">Ramiro Rivas Garc\u00eda<\/a> presenta su libro <strong>&#8216;&#8230;Y FRANCO SALI\u00d3 DE TENERIFE&#8217;<\/strong> en el <a href=\"https:\/\/www.google.es\/maps\/place\/Calle+El+Colegio,+2,+38320+San+Crist\u00f3bal+de+La+Laguna,+Santa+Cruz+de+Tenerife\/@28.4687788,-16.288216,19z\/data=!4m2!3m1!1s0xc41ccf819dd05e3:0x7a97c9a679402492\" target=\"_blank\" rel=\"noopener\">local del Sindicato \u00danico de CGT en La Cuesta (calle Colegio, 2)<\/a>. Un recorrido hist\u00f3rico sobre la estancia del dictador fascista en Canarias, los preparativos del golpe de estado y su legado de represi\u00f3n. El texto basado en las importantes investigaciones de Ramiro desmonta una serie de mitos sobre el pretendido escaso impacto del levantamiento fascista en Canarias y hace un recorrido detallado sobre los pasos de Franco en las islas, la trama y primeros d\u00edas del golpe de estado y la cruenta represi\u00f3n desatada por la dictadura en las islas. Sin duda una presentaci\u00f3n que dar\u00e1 pie a un interesante debate con el autor para aclarar algunos aspectos ocultos de nuestra historia desde la rigurosidad de las pruebas y testimonios recogidos en la investigaci\u00f3n de Ramiro Rivas.<\/p>\n","protected":false},"excerpt":{"rendered":"<div class=\"mh-excerpt\"><p>Ramiro Rivas Garc\u00eda presenta su libro El pr\u00f3ximo jueves 25 de octubre a las 18h, Ramiro Rivas Garc\u00eda presenta su libro &#8216;&#8230;Y FRANCO SALI\u00d3 DE <a class=\"mh-excerpt-more\" href=\"https:\/\/cgttenerife.org\/?p=1012\" title=\"&#8230;Y FRANCO SALI\u00d3 DE TENERIFE\">[&#8230;]<\/a><\/p>\n<\/div>","protected":false},"author":1,"featured_media":0,"comment_status":"closed","ping_status":"closed","sticky":false,"template":"","format":"gallery","meta":{"footnotes":""},"categories":[4],"tags":[],"class_list":["post-1012","post","type-post","status-publish","format-gallery","hentry","category-actualidad","post_format-post-format-gallery"],"_links":{"self":[{"href":"https:\/\/cgttenerife.org\/index.php?rest_route=\/wp\/v2\/posts\/1012","targetHints":{"allow":["GET"]}}],"collection":[{"href":"https:\/\/cgttenerife.org\/index.php?rest_route=\/wp\/v2\/posts"}],"about":[{"href":"https:\/\/cgttenerife.org\/index.php?rest_route=\/wp\/v2\/types\/post"}],"author":[{"embeddable":true,"href":"https:\/\/cgttenerife.org\/index.php?rest_route=\/wp\/v2\/users\/1"}],"replies":[{"embeddable":true,"href":"https:\/\/cgttenerife.org\/index.php?rest_route=%2Fwp%2Fv2%2Fcomments&post=1012"}],"version-history":[{"count":1,"href":"https:\/\/cgttenerife.org\/index.php?rest_route=\/wp\/v2\/posts\/1012\/revisions"}],"predecessor-version":[{"id":2788,"href":"https:\/\/cgttenerife.org\/index.php?rest_route=\/wp\/v2\/posts\/1012\/revisions\/2788"}],"wp:attachment":[{"href":"https:\/\/cgttenerife.org\/index.php?rest_route=%2Fwp%2Fv2%2Fmedia&parent=1012"}],"wp:term":[{"taxonomy":"category","embeddable":true,"href":"https:\/\/cgttenerife.org\/index.php?rest_route=%2Fwp%2Fv2%2Fcategories&post=1012"},{"taxonomy":"post_tag","embeddable":true,"href":"https:\/\/cgttenerife.org\/index.php?rest_route=%2Fwp%2Fv2%2Ftags&post=1012"}],"curies":[{"name":"wp","href":"https:\/\/api.w.org\/{rel}","templated":true}]}}